{"id":20274,"date":"2025-04-16T17:36:05","date_gmt":"2025-04-16T17:36:05","guid":{"rendered":"https:\/\/haberbesiktas.tr\/?p=20274"},"modified":"2025-04-16T17:36:05","modified_gmt":"2025-04-16T17:36:05","slug":"fenerbahce-icin-vlahovic-iddiasi","status":"publish","type":"post","link":"https:\/\/haberbesiktas.tr\/?p=20274","title":{"rendered":"Fenerbah\u00e7e i\u00e7in Vlahovic iddias\u0131!"},"content":{"rendered":"<div>Fenerbah\u00e7e, \u015fimdiden gelecek d\u00f6nemin transfer \u00e7al\u0131\u015fmalar\u0131na ba\u015flad\u0131. Sar\u0131-lacivertliler i\u00e7in \u0130talya&#8217;dan Dusan Vlahovic sav\u0131 g\u00fcndeme geldi.<\/p>\n<p><strong>FENERBAH\u00c7E, VLAHOVIC \u0130LE \u0130LG\u0130LEN\u0130YOR<\/strong><\/p>\n<p> Europa Calcio&#8217;da yer alan habere nazaran; gelecek d\u00f6nem hamle s\u0131n\u0131r\u0131n\u0131 daha da g\u00fc\u00e7lendirmek isteyen sar\u0131-lacivertli grup, g\u00f6z\u00fcn\u00fc Juventus formas\u0131 giyen Dusan Vlahovic&#8217;e dikti.<\/p>\n<p> Juventus, Mourinho&#8217;nun tak\u0131m\u0131nda g\u00f6rmek istedi\u011fi S\u0131rp golc\u00fc ile mukavele yenileme s\u00fcrecine girdi lakin taraflar ortas\u0131nda mutabakat sa\u011flanamazsa yol ayr\u0131m\u0131 karar\u0131 al\u0131nabilir.<\/p>\n<p> Juventus&#8217;un 25 ile 30 milyon Euro ortas\u0131nda bonservis bedeli bi\u00e7ece\u011fi ve Fenerbah\u00e7e&#8217;nin bunu \u00f6demeye s\u0131cak bakt\u0131\u011f\u0131 \u00f6ne s\u00fcr\u00fcld\u00fc.<\/p>\n<p><strong>BU D\u00d6NEM PERFORMANSI<\/strong><\/p>\n<p> Yaz transfer devri yakla\u015ft\u0131k\u00e7a rekabetin k\u0131z\u0131\u015faca\u011f\u0131n\u0131 bilen Jose Mourinho&#8217;nun ise bu transferin bitmesi i\u00e7in bast\u0131rmaya ba\u015flad\u0131\u011f\u0131 tez edildi.<\/p>\n<p> Juventus&#8217;ta bu d\u00f6nem t\u00fcm kulvarlarda 29 ma\u00e7a \u00e7\u0131kan 25 ya\u015f\u0131ndaki 1.90&#8217;l\u0131k santrfor, 13 gol ve 2 asistlik performans sergiledi.<\/p>\n<\/div>\n","protected":false},"excerpt":{"rendered":"<p>Fenerbah\u00e7e&#8217;nin, Juventus formas\u0131 giyen S\u0131rp y\u0131ld\u0131z Dusan Vlahovic ile ilgilendi\u011fi \u00f6ne s\u00fcr\u00fcld\u00fc.<\/p>\n","protected":false},"author":1,"featured_media":20275,"comment_status":"open","ping_status":"open","sticky":false,"template":"","format":"standard","meta":{"footnotes":""},"categories":[25],"tags":[],"class_list":["post-20274","post","type-post","status-publish","format-standard","has-post-thumbnail","hentry","category-futbol"],"_links":{"self":[{"href":"https:\/\/haberbesiktas.tr\/index.php?rest_route=\/wp\/v2\/posts\/20274","targetHints":{"allow":["GET"]}}],"collection":[{"href":"https:\/\/haberbesiktas.tr\/index.php?rest_route=\/wp\/v2\/posts"}],"about":[{"href":"https:\/\/haberbesiktas.tr\/index.php?rest_route=\/wp\/v2\/types\/post"}],"author":[{"embeddable":true,"href":"https:\/\/haberbesiktas.tr\/index.php?rest_route=\/wp\/v2\/users\/1"}],"replies":[{"embeddable":true,"href":"https:\/\/haberbesiktas.tr\/index.php?rest_route=%2Fwp%2Fv2%2Fcomments&post=20274"}],"version-history":[{"count":1,"href":"https:\/\/haberbesiktas.tr\/index.php?rest_route=\/wp\/v2\/posts\/20274\/revisions"}],"predecessor-version":[{"id":20276,"href":"https:\/\/haberbesiktas.tr\/index.php?rest_route=\/wp\/v2\/posts\/20274\/revisions\/20276"}],"wp:featuredmedia":[{"embeddable":true,"href":"https:\/\/haberbesiktas.tr\/index.php?rest_route=\/wp\/v2\/media\/20275"}],"wp:attachment":[{"href":"https:\/\/haberbesiktas.tr\/index.php?rest_route=%2Fwp%2Fv2%2Fmedia&parent=20274"}],"wp:term":[{"taxonomy":"category","embeddable":true,"href":"https:\/\/haberbesiktas.tr\/index.php?rest_route=%2Fwp%2Fv2%2Fcategories&post=20274"},{"taxonomy":"post_tag","embeddable":true,"href":"https:\/\/haberbesiktas.tr\/index.php?rest_route=%2Fwp%2Fv2%2Ftags&post=20274"}],"curies":[{"name":"wp","href":"https:\/\/api.w.org\/{rel}","templated":true}]}}