{"id":20280,"date":"2025-04-16T18:00:07","date_gmt":"2025-04-16T18:00:07","guid":{"rendered":"https:\/\/haberbesiktas.tr\/?p=20280"},"modified":"2025-04-16T18:00:07","modified_gmt":"2025-04-16T18:00:07","slug":"galatasaraya-jakobstan-kotu-haber","status":"publish","type":"post","link":"https:\/\/haberbesiktas.tr\/?p=20280","title":{"rendered":"Galatasaray&#8217;a Jakobs&#8217;tan k\u00f6t\u00fc haber!"},"content":{"rendered":"<div>Galatasaray&#8217;da sakatl\u0131\u011f\u0131 nedeniyle bir m\u00fcddettir alanlardan uzak kalan Ismail Jakobs&#8217;tan mak\u00fbs haber geldi.<\/p>\n<p><strong>GALATASARAY&#8217;A MAKUS HABER<\/strong><\/p>\n<p> Ya\u011f\u0131z Sabuncuo\u011flu&#8217;nun haberine nazaran, Jakobs&#8217;un a\u015fil tendonunda iltihaplanma oldu.<\/p>\n<p> Bu geli\u015fmenin akabinde 25 ya\u015f\u0131ndaki futbolcunun alanlara geri d\u00f6n\u00fc\u015f m\u00fchletinin uzamas\u0131 bekleniyor.<\/p>\n<p> Galatasaray Teknik Y\u00f6neticisi Okan Buruk, Rizespor ma\u00e7\u0131n\u0131n akabinde yapt\u0131\u011f\u0131 a\u00e7\u0131klamada Jakobs&#8217;un Fenerbah\u00e7e derbisine yeti\u015fme ihtimalinin s\u0131k\u0131nt\u0131 oldu\u011funu s\u00f6ylemi\u015fti.<\/p>\n<p><strong>BU D\u00d6NEM PERFORMANSI<\/strong><\/p>\n<p> Galatasaray&#8217;da bu d\u00f6nem 18 ma\u00e7ta m\u00fcddet bulan Jakobs, 1 asist yapt\u0131.<\/p>\n<\/div>\n","protected":false},"excerpt":{"rendered":"<p>Galatasaray formas\u0131 giyen Ismail Jakobs&#8217;un a\u015fil tendonunda iltihaplanma oldu.<\/p>\n","protected":false},"author":1,"featured_media":20281,"comment_status":"open","ping_status":"open","sticky":false,"template":"","format":"standard","meta":{"footnotes":""},"categories":[25],"tags":[],"class_list":["post-20280","post","type-post","status-publish","format-standard","has-post-thumbnail","hentry","category-futbol"],"_links":{"self":[{"href":"https:\/\/haberbesiktas.tr\/index.php?rest_route=\/wp\/v2\/posts\/20280","targetHints":{"allow":["GET"]}}],"collection":[{"href":"https:\/\/haberbesiktas.tr\/index.php?rest_route=\/wp\/v2\/posts"}],"about":[{"href":"https:\/\/haberbesiktas.tr\/index.php?rest_route=\/wp\/v2\/types\/post"}],"author":[{"embeddable":true,"href":"https:\/\/haberbesiktas.tr\/index.php?rest_route=\/wp\/v2\/users\/1"}],"replies":[{"embeddable":true,"href":"https:\/\/haberbesiktas.tr\/index.php?rest_route=%2Fwp%2Fv2%2Fcomments&post=20280"}],"version-history":[{"count":1,"href":"https:\/\/haberbesiktas.tr\/index.php?rest_route=\/wp\/v2\/posts\/20280\/revisions"}],"predecessor-version":[{"id":20282,"href":"https:\/\/haberbesiktas.tr\/index.php?rest_route=\/wp\/v2\/posts\/20280\/revisions\/20282"}],"wp:featuredmedia":[{"embeddable":true,"href":"https:\/\/haberbesiktas.tr\/index.php?rest_route=\/wp\/v2\/media\/20281"}],"wp:attachment":[{"href":"https:\/\/haberbesiktas.tr\/index.php?rest_route=%2Fwp%2Fv2%2Fmedia&parent=20280"}],"wp:term":[{"taxonomy":"category","embeddable":true,"href":"https:\/\/haberbesiktas.tr\/index.php?rest_route=%2Fwp%2Fv2%2Fcategories&post=20280"},{"taxonomy":"post_tag","embeddable":true,"href":"https:\/\/haberbesiktas.tr\/index.php?rest_route=%2Fwp%2Fv2%2Ftags&post=20280"}],"curies":[{"name":"wp","href":"https:\/\/api.w.org\/{rel}","templated":true}]}}