{"id":20283,"date":"2025-04-16T18:12:08","date_gmt":"2025-04-16T18:12:08","guid":{"rendered":"https:\/\/haberbesiktas.tr\/?p=20283"},"modified":"2025-04-16T18:12:08","modified_gmt":"2025-04-16T18:12:08","slug":"ahmet-suat-ozyazici-olumunun-yildonumunde-anildi","status":"publish","type":"post","link":"https:\/\/haberbesiktas.tr\/?p=20283","title":{"rendered":"Ahmet Suat \u00d6zyaz\u0131c\u0131, \u00f6l\u00fcm\u00fcn\u00fcn y\u0131ld\u00f6n\u00fcm\u00fcnde an\u0131ld\u0131"},"content":{"rendered":"<div>Bordo-mavili kul\u00fcb\u00fcn asba\u015fkan\u0131 Zeyyat Kafkas ve y\u00f6netim kurulu \u00fcyeleri, Divan Ba\u015fkanl\u0131k Kurulu Lideri Mahmut \u00d6ren, teknik y\u00f6netici \u015eenol G\u00fcne\u015f ve yard\u0131mc\u0131lar\u0131 ile \u0130dmanoca\u011f\u0131 Kul\u00fcb\u00fc y\u00f6neticileri, \u00d6zyaz\u0131c\u0131&#8217;n\u0131n S\u00fcl\u00fckl\u00fc Mezarl\u0131\u011f\u0131&#8217;ndaki mezar\u0131 ba\u015f\u0131nda bir ortaya geldi.<\/p>\n<p> \u015eenol G\u00fcne\u015f, Ahmet Suat \u00d6zyaz\u0131c\u0131&#8217;y\u0131 iki y\u0131l sonra yine anmak i\u00e7in bulu\u015ftuklar\u0131n\u0131 s\u00f6yledi.<\/p>\n<p> \u00d6zyaz\u0131c\u0131&#8217;dan aile ortam\u0131n\u0131 ve ekip olmay\u0131 \u00f6\u011frendiklerini belirten G\u00fcne\u015f, <strong>&#8220;Hocal\u0131k bir yana o samimiyeti, o sevgiyi kolay kolay g\u00f6remeyiz. Bug\u00fcnlerde bile buna \u00e7ok fazla muhta\u00e7l\u0131k duyuyoruz.&#8221;<\/strong> dedi.<\/p>\n<p> <strong>G\u00fcne\u015f, efsane teknik y\u00f6neticinin Trabzon&#8217;a b\u00fcy\u00fck pahalar katt\u0131\u011f\u0131n\u0131n alt\u0131n\u0131 \u00e7izerek, \u015funlar\u0131 kaydetti:<\/strong><\/p>\n<p> &#8220;M\u00fcthi\u015f bir zekas\u0131 olan \u00e7ok bedelli bir a\u011fabeyimizdi. Kentimizde imkans\u0131zl\u0131k i\u00e7erisindeki bir devirde imkanlar\u0131 \u00e7\u0131karan bir bedeldi. Kentimizde dar alan i\u00e7erisinde yeti\u015fip grubumuzu ve kentimizi memleketler aras\u0131 alana ta\u015f\u0131yan bir b\u00fcy\u00fc\u011f\u00fcm\u00fczd\u00fc. Sportif faaliyetlerin yan\u0131nda kentimize toplumsal k\u0131ymetleri katan bir b\u00fcy\u00fc\u011f\u00fcm\u00fczd\u00fc, hakk\u0131n\u0131 helal etsin.&#8221;<\/p>\n<p> Asba\u015fkan Zeyyat Kafkas ise \u00d6zyaz\u0131c\u0131&#8217;n\u0131n isminin kul\u00fcbe alt\u0131n harflerle yaz\u0131ld\u0131\u011f\u0131n\u0131 anlatarak, <strong>&#8220;Kendisi yaln\u0131zca bir teknik adam de\u011fil, birebir vakitte bir ekol, bir karakter ve Trabzonspor&#8217;un \u00f6z kimli\u011finin \u015fekillenmesinde de\u011ferli rol \u00fcstlenmi\u015f bir \u00f6nderdir. Kendisini Trabzonspor ihtilaline verdi\u011fi katk\u0131larla, yeti\u015ftirdi\u011fi oyuncularla, kazand\u0131rd\u0131\u011f\u0131 \u015fampiyonluklarla jenerasyonlar uzunlu\u011fu daima anaca\u011f\u0131z.&#8221;<\/strong> diye konu\u015ftu.<\/p>\n<p> \u00d6zyaz\u0131c\u0131&#8217;n\u0131n o\u011flu Hakan \u00d6zyaz\u0131c\u0131 da babas\u0131n\u0131n \u00e7ok \u00e2l\u00e2 bir futbolcu ve teknik adam oldu\u011funu tabir etti.<\/p>\n<p> Babas\u0131n\u0131n futbolculuk ve teknik y\u00f6neticilik mesle\u011fine ait bilgi veren \u00d6zyaz\u0131c\u0131, <strong>&#8220;Trabzonspor ile 18 kupa kazanm\u0131\u015ft\u0131r. \u0130nsan olarak da etraf\u0131ndakilere \u00f6rnek olmu\u015f d\u00fczg\u00fcn bir ba\u015fkand\u0131. Baba olarak da bize \u00e7ok b\u00fcy\u00fck \u00f6rnek oldu. Sevgili babam\u0131 rahmetle an\u0131yorum, yeri cennet olsun.&#8221;<\/strong> dedi.<\/p>\n<p> Anma merasimi, okunan dualar\u0131n akabinde sona erdi.<\/p>\n<\/div>\n","protected":false},"excerpt":{"rendered":"<p>Trabzonspor&#8217;un efsane teknik y\u00f6neticilerinden Ahmet Suat \u00d6zyaz\u0131c\u0131, vefat\u0131n\u0131n ikinci y\u0131l d\u00f6n\u00fcm\u00fcnde mezar\u0131 ba\u015f\u0131nda an\u0131ld\u0131<\/p>\n","protected":false},"author":1,"featured_media":20284,"comment_status":"open","ping_status":"open","sticky":false,"template":"","format":"standard","meta":{"footnotes":""},"categories":[25],"tags":[351],"class_list":["post-20283","post","type-post","status-publish","format-standard","has-post-thumbnail","hentry","category-futbol","tag-teknik"],"_links":{"self":[{"href":"https:\/\/haberbesiktas.tr\/index.php?rest_route=\/wp\/v2\/posts\/20283","targetHints":{"allow":["GET"]}}],"collection":[{"href":"https:\/\/haberbesiktas.tr\/index.php?rest_route=\/wp\/v2\/posts"}],"about":[{"href":"https:\/\/haberbesiktas.tr\/index.php?rest_route=\/wp\/v2\/types\/post"}],"author":[{"embeddable":true,"href":"https:\/\/haberbesiktas.tr\/index.php?rest_route=\/wp\/v2\/users\/1"}],"replies":[{"embeddable":true,"href":"https:\/\/haberbesiktas.tr\/index.php?rest_route=%2Fwp%2Fv2%2Fcomments&post=20283"}],"version-history":[{"count":1,"href":"https:\/\/haberbesiktas.tr\/index.php?rest_route=\/wp\/v2\/posts\/20283\/revisions"}],"predecessor-version":[{"id":20285,"href":"https:\/\/haberbesiktas.tr\/index.php?rest_route=\/wp\/v2\/posts\/20283\/revisions\/20285"}],"wp:featuredmedia":[{"embeddable":true,"href":"https:\/\/haberbesiktas.tr\/index.php?rest_route=\/wp\/v2\/media\/20284"}],"wp:attachment":[{"href":"https:\/\/haberbesiktas.tr\/index.php?rest_route=%2Fwp%2Fv2%2Fmedia&parent=20283"}],"wp:term":[{"taxonomy":"category","embeddable":true,"href":"https:\/\/haberbesiktas.tr\/index.php?rest_route=%2Fwp%2Fv2%2Fcategories&post=20283"},{"taxonomy":"post_tag","embeddable":true,"href":"https:\/\/haberbesiktas.tr\/index.php?rest_route=%2Fwp%2Fv2%2Ftags&post=20283"}],"curies":[{"name":"wp","href":"https:\/\/api.w.org\/{rel}","templated":true}]}}