{"id":20289,"date":"2025-04-16T18:36:06","date_gmt":"2025-04-16T18:36:06","guid":{"rendered":"https:\/\/haberbesiktas.tr\/?p=20289"},"modified":"2025-04-16T18:36:06","modified_gmt":"2025-04-16T18:36:06","slug":"barcelonada-lewandowski-karari","status":"publish","type":"post","link":"https:\/\/haberbesiktas.tr\/?p=20289","title":{"rendered":"Barcelona&#8217;da Lewandowski karar\u0131!"},"content":{"rendered":"<div>Barcelona, tecr\u00fcbeli golc\u00fcs\u00fc Robert Lewandowski ile yola devam etmek istiyor.<\/p>\n<p> \u0130spanyol bas\u0131n\u0131ndan Sport&#8217;ta yer alan habere nazaran, Lewandowski&#8217;nin kontrat\u0131nda bu d\u00f6nem ma\u00e7lar\u0131n y\u00fczde 55&#8217;inde forma giymesi halinde kontrat\u0131n 2026 y\u0131l\u0131na kadar uzatma unsuru yer al\u0131yor.<\/p>\n<p><strong>YEN\u0130 MUKAVELE PLANI<\/strong><\/p>\n<p> Barcelona&#8217;n\u0131n, performans\u0131n\u0131n akabinde Lewandowski&#8217;nin mukavelesindeki bu maddeyi kald\u0131rmak ve Polonyal\u0131 futbolcu ile 2027 y\u0131l\u0131na kadar s\u00fcrecek yeni bir kontrat imzalamak istedi\u011fi belirtildi.<\/p>\n<p> Barcelona&#8217;n\u0131n ayr\u0131yeten yeni kontrata hem Lewandowski hem de kul\u00fcp ismine 2026 yaz\u0131nda ge\u00e7erli olacak bir \u00e7\u0131k\u0131\u015f hususu koymay\u0131 planlad\u0131\u011f\u0131 aktar\u0131ld\u0131.<\/p>\n<p> Lewandowski&#8217;nin idare ile ba\u011flant\u0131lar\u0131n\u0131n \u00e2l\u00e2 olmas\u0131 nedeniyle kul\u00fcpten gelecek yeni kontrat teklifine s\u0131cak bakabilece\u011fi ve Barcelona&#8217;da yeni mukavelenin bir sorun olmayaca\u011f\u0131 yaz\u0131ld\u0131.<\/p>\n<p><strong>BARCELONA PERFORMANSI<\/strong><\/p>\n<p> Barcelona formas\u0131 alt\u0131nda toplamda 129 ma\u00e7ta alana \u00e7\u0131kan Lewandowski, 91 gol att\u0131 ve 20 asist yapt\u0131.<\/p>\n<\/div>\n","protected":false},"excerpt":{"rendered":"<p>Barcelona, Robert Lewandowski&#8217;nin kontrat\u0131n\u0131 2027 y\u0131l\u0131na kadar uzatmak istiyor.<\/p>\n","protected":false},"author":1,"featured_media":20290,"comment_status":"open","ping_status":"open","sticky":false,"template":"","format":"standard","meta":{"footnotes":""},"categories":[25],"tags":[307,2013,69],"class_list":["post-20289","post","type-post","status-publish","format-standard","has-post-thumbnail","hentry","category-futbol","tag-barcelona","tag-lewandowski","tag-sozlesme"],"_links":{"self":[{"href":"https:\/\/haberbesiktas.tr\/index.php?rest_route=\/wp\/v2\/posts\/20289","targetHints":{"allow":["GET"]}}],"collection":[{"href":"https:\/\/haberbesiktas.tr\/index.php?rest_route=\/wp\/v2\/posts"}],"about":[{"href":"https:\/\/haberbesiktas.tr\/index.php?rest_route=\/wp\/v2\/types\/post"}],"author":[{"embeddable":true,"href":"https:\/\/haberbesiktas.tr\/index.php?rest_route=\/wp\/v2\/users\/1"}],"replies":[{"embeddable":true,"href":"https:\/\/haberbesiktas.tr\/index.php?rest_route=%2Fwp%2Fv2%2Fcomments&post=20289"}],"version-history":[{"count":1,"href":"https:\/\/haberbesiktas.tr\/index.php?rest_route=\/wp\/v2\/posts\/20289\/revisions"}],"predecessor-version":[{"id":20291,"href":"https:\/\/haberbesiktas.tr\/index.php?rest_route=\/wp\/v2\/posts\/20289\/revisions\/20291"}],"wp:featuredmedia":[{"embeddable":true,"href":"https:\/\/haberbesiktas.tr\/index.php?rest_route=\/wp\/v2\/media\/20290"}],"wp:attachment":[{"href":"https:\/\/haberbesiktas.tr\/index.php?rest_route=%2Fwp%2Fv2%2Fmedia&parent=20289"}],"wp:term":[{"taxonomy":"category","embeddable":true,"href":"https:\/\/haberbesiktas.tr\/index.php?rest_route=%2Fwp%2Fv2%2Fcategories&post=20289"},{"taxonomy":"post_tag","embeddable":true,"href":"https:\/\/haberbesiktas.tr\/index.php?rest_route=%2Fwp%2Fv2%2Ftags&post=20289"}],"curies":[{"name":"wp","href":"https:\/\/api.w.org\/{rel}","templated":true}]}}