{"id":20292,"date":"2025-04-16T18:48:07","date_gmt":"2025-04-16T18:48:07","guid":{"rendered":"https:\/\/haberbesiktas.tr\/?p=20292"},"modified":"2025-04-16T18:48:07","modified_gmt":"2025-04-16T18:48:07","slug":"ancelottiden-pep-guardiolaya-cevap","status":"publish","type":"post","link":"https:\/\/haberbesiktas.tr\/?p=20292","title":{"rendered":"Ancelotti&#8217;den Pep Guardiola&#8217;ya cevap!"},"content":{"rendered":"<div>UEFA \u015eampiyonlar Ligi Play-Off Tipi ikinci ma\u00e7\u0131nda Real Madrid ile Manchester City kar\u015f\u0131 kar\u015f\u0131ya gelecek.<\/p>\n<p>\u0130lk ma\u00e7 \u0130ngiltere&#8217;de oynanm\u0131\u015f ve Real Madrid&#8217;in 3-2&#8217;lik \u00fcst\u00fcnl\u00fc\u011f\u00fcyle sonu\u00e7lanm\u0131\u015ft\u0131.\u00a0<\/p>\n<p>\u00c7ar\u015famba g\u00fcn\u00fc Santiago Bernabeu&#8217;da oynanacak ma\u00e7 \u00f6ncesi iki kadro teknik y\u00f6neticileri Pep Guardiola ve Carlo Ancelotti a\u00e7\u0131klamalarda bulundu.\u00a0<\/p>\n<p>\u015eampiyonlar Ligi&#8217;nde Real Madrid ile oynayacaklar\u0131 m\u00fcsabaka hakk\u0131nda konu\u015fan Manchester City&#8217;nin teknik y\u00f6neticisi \u015funlar\u0131 s\u00f6yledi:<br \/><strong>&#8220;Ma\u00e7tan evvel sorarsan\u0131z, t\u0131p atlama olas\u0131l\u0131\u011f\u0131m\u0131z %1. Herkes, bu durumda Bernab\u00e9u&#8217;da kazanman\u0131n ne manaya geldi\u011fini biliyor. Fakat bir talihimiz varsa, bunu de\u011ferlendirece\u011fiz.&#8221;\u00a0<\/p>\n<p><\/strong>Buna y\u00f6nelik olarak\u00a0Carlo Ancelotti, Pep Guardiola&#8217;n\u0131n Manchester City&#8217;nin baht\u0131na dair yapt\u0131\u011f\u0131 yorumlara kar\u015f\u0131l\u0131k verdi.\u00a0<\/p>\n<p>Gazetecilerin <strong>&#8220;Guardiola&#8217;n\u0131n, \u00e7e\u015fit atlama talihlerinin s\u0131rf %1 oldu\u011fu taraf\u0131ndaki kelamlar\u0131na inan\u0131yor musunuz?&#8221;<\/strong> sorusuna Ancelotti,\u00a0<strong>&#8220;Ger\u00e7ekten o denli d\u00fc\u015f\u00fcnd\u00fc\u011f\u00fcn\u00fc sanm\u0131yorum. Ona yar\u0131n ma\u00e7tan evvel soraca\u011f\u0131m. O, talihlerinin daha fazla oldu\u011funu d\u00fc\u015f\u00fcn\u00fcyor, t\u0131pk\u0131 bizim de %99 kazanma talihimiz oldu\u011funu d\u00fc\u015f\u00fcnmedi\u011fimiz \u00fczere.\u00a0K\u00fc\u00e7\u00fck bir avantaj\u0131m\u0131z oldu\u011funu d\u00fc\u015f\u00fcn\u00fcyoruz, bunu de\u011ferlendirmeliyiz ve birinci ma\u00e7taki \u00fczere oynamal\u0131y\u0131z. O ma\u00e7 bizim i\u00e7in yeterli ge\u00e7ti.&#8221;<\/strong> kelamlar\u0131n\u0131 sarf etti.<\/div>\n","protected":false},"excerpt":{"rendered":"<p>Real Madrid Teknik Y\u00f6neticisi Carlo Ancelotti, \u00e7ar\u015famba g\u00fcn\u00fc Santiago Bernabeu&#8217;da oynanacak r\u00f6van\u015f ma\u00e7\u0131 \u00f6ncesi Manchester City Teknik Y\u00f6neticisi Pep Guardiola&#8217;ya yan\u0131t verdi.<\/p>\n","protected":false},"author":1,"featured_media":20293,"comment_status":"open","ping_status":"open","sticky":false,"template":"","format":"standard","meta":{"footnotes":""},"categories":[25],"tags":[50],"class_list":["post-20292","post","type-post","status-publish","format-standard","has-post-thumbnail","hentry","category-futbol","tag-mac"],"_links":{"self":[{"href":"https:\/\/haberbesiktas.tr\/index.php?rest_route=\/wp\/v2\/posts\/20292","targetHints":{"allow":["GET"]}}],"collection":[{"href":"https:\/\/haberbesiktas.tr\/index.php?rest_route=\/wp\/v2\/posts"}],"about":[{"href":"https:\/\/haberbesiktas.tr\/index.php?rest_route=\/wp\/v2\/types\/post"}],"author":[{"embeddable":true,"href":"https:\/\/haberbesiktas.tr\/index.php?rest_route=\/wp\/v2\/users\/1"}],"replies":[{"embeddable":true,"href":"https:\/\/haberbesiktas.tr\/index.php?rest_route=%2Fwp%2Fv2%2Fcomments&post=20292"}],"version-history":[{"count":1,"href":"https:\/\/haberbesiktas.tr\/index.php?rest_route=\/wp\/v2\/posts\/20292\/revisions"}],"predecessor-version":[{"id":20294,"href":"https:\/\/haberbesiktas.tr\/index.php?rest_route=\/wp\/v2\/posts\/20292\/revisions\/20294"}],"wp:featuredmedia":[{"embeddable":true,"href":"https:\/\/haberbesiktas.tr\/index.php?rest_route=\/wp\/v2\/media\/20293"}],"wp:attachment":[{"href":"https:\/\/haberbesiktas.tr\/index.php?rest_route=%2Fwp%2Fv2%2Fmedia&parent=20292"}],"wp:term":[{"taxonomy":"category","embeddable":true,"href":"https:\/\/haberbesiktas.tr\/index.php?rest_route=%2Fwp%2Fv2%2Fcategories&post=20292"},{"taxonomy":"post_tag","embeddable":true,"href":"https:\/\/haberbesiktas.tr\/index.php?rest_route=%2Fwp%2Fv2%2Ftags&post=20292"}],"curies":[{"name":"wp","href":"https:\/\/api.w.org\/{rel}","templated":true}]}}