{"id":20311,"date":"2025-04-16T20:00:08","date_gmt":"2025-04-16T20:00:08","guid":{"rendered":"https:\/\/haberbesiktas.tr\/?p=20311"},"modified":"2025-04-16T20:00:08","modified_gmt":"2025-04-16T20:00:08","slug":"manisa-fkda-ramirez-ruzgari","status":"publish","type":"post","link":"https:\/\/haberbesiktas.tr\/?p=20311","title":{"rendered":"Manisa FK&#8217;da Ramirez r\u00fczgar\u0131"},"content":{"rendered":"<div><span>TFF 1&#8217;inci Lig&#8217;de ge\u00e7en hafta deplasmanda kurtulu\u015f umudu kalmayan Yeni Malatyaspor&#8217;u 6-0 yenerek \u00e7\u0131k\u0131\u015fa ge\u00e7en Manisa Futbol Kul\u00fcb\u00fc&#8217;n\u00fcn \u0130spanyol orta saha oyuncusu Dani Ramirez, son haftalarda ekibin gol y\u00fck\u00fcn\u00fc \u00e7ekti. <\/p>\n<p>2 hafta evvel i\u00e7 alanda oynanan ve 2-2 berabere biten Fatih Karag\u00fcmr\u00fck m\u00fcsabakas\u0131nda a\u011flar\u0131 sarsan 32 ya\u015f\u0131ndaki deneyimli oyuncu, Malatya&#8217;da da 2 gol birden att\u0131. <\/p>\n<p>Toplam gol say\u0131s\u0131n\u0131 5&#8217;e \u00e7\u0131karan Ramirez, 4 de asist yapt\u0131. D\u00f6nem ba\u015f\u0131nda siyah-beyazl\u0131lara imza atan \u0130spanyol orta saha 24 m\u00fcsabakada bin 734 dakika m\u00fchlet alarak ekibin istikrar abidelerinden biri oldu.<\/span><\/div>\n","protected":false},"excerpt":{"rendered":"<p>Manisa Futbol Kul\u00fcb\u00fc&#8217;n\u00fcn \u0130spanyol orta saha oyuncusu Dani Ramirez, son haftalarda grubun gol y\u00fck\u00fcn\u00fc \u00e7ekti.<\/p>\n","protected":false},"author":1,"featured_media":20312,"comment_status":"open","ping_status":"open","sticky":false,"template":"","format":"standard","meta":{"footnotes":""},"categories":[25],"tags":[],"class_list":["post-20311","post","type-post","status-publish","format-standard","has-post-thumbnail","hentry","category-futbol"],"_links":{"self":[{"href":"https:\/\/haberbesiktas.tr\/index.php?rest_route=\/wp\/v2\/posts\/20311","targetHints":{"allow":["GET"]}}],"collection":[{"href":"https:\/\/haberbesiktas.tr\/index.php?rest_route=\/wp\/v2\/posts"}],"about":[{"href":"https:\/\/haberbesiktas.tr\/index.php?rest_route=\/wp\/v2\/types\/post"}],"author":[{"embeddable":true,"href":"https:\/\/haberbesiktas.tr\/index.php?rest_route=\/wp\/v2\/users\/1"}],"replies":[{"embeddable":true,"href":"https:\/\/haberbesiktas.tr\/index.php?rest_route=%2Fwp%2Fv2%2Fcomments&post=20311"}],"version-history":[{"count":1,"href":"https:\/\/haberbesiktas.tr\/index.php?rest_route=\/wp\/v2\/posts\/20311\/revisions"}],"predecessor-version":[{"id":20313,"href":"https:\/\/haberbesiktas.tr\/index.php?rest_route=\/wp\/v2\/posts\/20311\/revisions\/20313"}],"wp:featuredmedia":[{"embeddable":true,"href":"https:\/\/haberbesiktas.tr\/index.php?rest_route=\/wp\/v2\/media\/20312"}],"wp:attachment":[{"href":"https:\/\/haberbesiktas.tr\/index.php?rest_route=%2Fwp%2Fv2%2Fmedia&parent=20311"}],"wp:term":[{"taxonomy":"category","embeddable":true,"href":"https:\/\/haberbesiktas.tr\/index.php?rest_route=%2Fwp%2Fv2%2Fcategories&post=20311"},{"taxonomy":"post_tag","embeddable":true,"href":"https:\/\/haberbesiktas.tr\/index.php?rest_route=%2Fwp%2Fv2%2Ftags&post=20311"}],"curies":[{"name":"wp","href":"https:\/\/api.w.org\/{rel}","templated":true}]}}