{"id":20314,"date":"2025-04-16T20:12:08","date_gmt":"2025-04-16T20:12:08","guid":{"rendered":"https:\/\/haberbesiktas.tr\/?p=20314"},"modified":"2025-04-16T20:12:08","modified_gmt":"2025-04-16T20:12:08","slug":"avrupa-salon-okculuk-sampiyonasinda-resmi-antrenmanlar-yapildi","status":"publish","type":"post","link":"https:\/\/haberbesiktas.tr\/?p=20314","title":{"rendered":"Avrupa Salon Ok\u00e7uluk \u015eampiyonas\u0131&#8217;nda resmi antrenmanlar yap\u0131ld\u0131"},"content":{"rendered":"<p><span><span>Samsun&#8217;da d\u00fczenlenen Avrupa Salon Ok\u00e7uluk \u015eampiyonas\u0131&#8217;nda resmi idmanlar ger\u00e7ekle\u015ftirildi.\u00a0<\/span><\/span> \u0130lkad\u0131m Ok\u00e7uluk Tesisleri&#8217;ndeki tertipte u\u011fra\u015f edecek sportmenler, resmi idmanlar\u0131n\u0131 yapt\u0131.<\/p>\n<p> \u015eampiyona klasik ve makaral\u0131 yay\u0131n yan\u0131 s\u0131ra barebow (yal\u0131n yay) kategorisinde, b\u00fcy\u00fckler ve 21 ya\u015f alt\u0131nda gayret edecek.<\/p>\n<p> T\u00fcrkiye, \u015fampiyonaya t\u00fcm kategorilerde 36 atlet ile kat\u0131l\u0131yor.<\/p>\n<p> Yar\u0131n eleme at\u0131\u015flar\u0131 yap\u0131lacak tertip, 23 \u015eubat&#8217;ta sona erecek.<\/p>\n","protected":false},"excerpt":{"rendered":"<p>Samsun&#8217;da d\u00fczenlenen Avrupa Salon Ok\u00e7uluk \u015eampiyonas\u0131&#8217;nda resmi idmanlar ger\u00e7ekle\u015ftirildi.<\/p>\n","protected":false},"author":1,"featured_media":20315,"comment_status":"open","ping_status":"open","sticky":false,"template":"","format":"standard","meta":{"footnotes":""},"categories":[27],"tags":[],"class_list":["post-20314","post","type-post","status-publish","format-standard","has-post-thumbnail","hentry","category-guncel-haberler"],"_links":{"self":[{"href":"https:\/\/haberbesiktas.tr\/index.php?rest_route=\/wp\/v2\/posts\/20314","targetHints":{"allow":["GET"]}}],"collection":[{"href":"https:\/\/haberbesiktas.tr\/index.php?rest_route=\/wp\/v2\/posts"}],"about":[{"href":"https:\/\/haberbesiktas.tr\/index.php?rest_route=\/wp\/v2\/types\/post"}],"author":[{"embeddable":true,"href":"https:\/\/haberbesiktas.tr\/index.php?rest_route=\/wp\/v2\/users\/1"}],"replies":[{"embeddable":true,"href":"https:\/\/haberbesiktas.tr\/index.php?rest_route=%2Fwp%2Fv2%2Fcomments&post=20314"}],"version-history":[{"count":1,"href":"https:\/\/haberbesiktas.tr\/index.php?rest_route=\/wp\/v2\/posts\/20314\/revisions"}],"predecessor-version":[{"id":20316,"href":"https:\/\/haberbesiktas.tr\/index.php?rest_route=\/wp\/v2\/posts\/20314\/revisions\/20316"}],"wp:featuredmedia":[{"embeddable":true,"href":"https:\/\/haberbesiktas.tr\/index.php?rest_route=\/wp\/v2\/media\/20315"}],"wp:attachment":[{"href":"https:\/\/haberbesiktas.tr\/index.php?rest_route=%2Fwp%2Fv2%2Fmedia&parent=20314"}],"wp:term":[{"taxonomy":"category","embeddable":true,"href":"https:\/\/haberbesiktas.tr\/index.php?rest_route=%2Fwp%2Fv2%2Fcategories&post=20314"},{"taxonomy":"post_tag","embeddable":true,"href":"https:\/\/haberbesiktas.tr\/index.php?rest_route=%2Fwp%2Fv2%2Ftags&post=20314"}],"curies":[{"name":"wp","href":"https:\/\/api.w.org\/{rel}","templated":true}]}}