{"id":20320,"date":"2025-04-16T20:36:07","date_gmt":"2025-04-16T20:36:07","guid":{"rendered":"https:\/\/haberbesiktas.tr\/?p=20320"},"modified":"2025-04-16T20:36:07","modified_gmt":"2025-04-16T20:36:07","slug":"mhk-hakem-gelisim-programi-ve-mentor-semineri-duzenlendi","status":"publish","type":"post","link":"https:\/\/haberbesiktas.tr\/?p=20320","title":{"rendered":"MHK Hakem Geli\u015fim Program\u0131 ve Ment\u00f6r Semineri d\u00fczenlendi"},"content":{"rendered":"<div>T\u00fcrkiye Futbol Federasyonu (TFF) Merkez Hakem Kurulu (MHK), hakem geli\u015fim program\u0131 ve ment\u00f6r seminerini d\u00fczenledi.\u00a0 TFF&#8217;den yap\u0131lan a\u00e7\u0131klamaya nazaran, MHK&#8217;nin 2024 y\u0131l\u0131nda Hakem Geli\u015fim ve E\u011fitim Dan\u0131\u015fmanlar\u0131 Dr. Vitor Melo Pereira ve Alan Snoddy i\u015f birli\u011fiyle gen\u00e7 ve yetenekli hakemleri desteklemek, hakemlik standartlar\u0131n\u0131 y\u00fckseltmek hedefiyle ba\u015flatt\u0131\u011f\u0131 geli\u015fim program\u0131 devam etti.<\/p>\n<p> Hasan Do\u011fan Ulusal Gruplar Kamp ve E\u011fitim Tesisleri&#8217;nde 10 \u00fcst klasman ve klasman g\u00f6zlemcisi (ayn\u0131 vakitte b\u00f6lgesel konsey \u00fcyeleri ve hakem izleme g\u00f6revlileri) ment\u00f6r sistemi program\u0131na kat\u0131ld\u0131. Ment\u00f6r seminerinde ayr\u0131yeten 5-6 Eyl\u00fcl 2024&#8217;teki hakem geli\u015fim kamp\u0131 k\u00fcmesinden 9 b\u00f6lgesel hakem de yer ald\u0131.<\/p>\n<p> Program kapsam\u0131nda Vitor Melo Pereira ve Alan Snoddy, UEFA kriterleri ve standartlar\u0131 do\u011frultusunda ment\u00f6r e\u011fitimi verdi. Hakemler de ment\u00f6rlerden nas\u0131l faydalanabilecekleri konusunda ayr\u0131nt\u0131l\u0131 bilgiler edindi.<\/p>\n<p> Tertibin sonunda hakemler, ment\u00f6rleriyle e\u015fle\u015ftirildi, belirlenen ama\u00e7lar tart\u0131\u015f\u0131ld\u0131 ve hakemlerin ment\u00f6rleriyle olu\u015fturduklar\u0131 \u00f6l\u00e7\u00fclebilir geli\u015fim planlar\u0131 tasarland\u0131.<\/p>\n<\/div>\n","protected":false},"excerpt":{"rendered":"<p>TFF Merkez Hakem \u015euras\u0131n\u0131n (MHK) hakem geli\u015fim program\u0131 ve ment\u00f6r semineri ger\u00e7ekle\u015ftirildi.<\/p>\n","protected":false},"author":1,"featured_media":20321,"comment_status":"open","ping_status":"open","sticky":false,"template":"","format":"standard","meta":{"footnotes":""},"categories":[25],"tags":[2015,62,2014],"class_list":["post-20320","post","type-post","status-publish","format-standard","has-post-thumbnail","hentry","category-futbol","tag-gelisim","tag-hakem","tag-mentor"],"_links":{"self":[{"href":"https:\/\/haberbesiktas.tr\/index.php?rest_route=\/wp\/v2\/posts\/20320","targetHints":{"allow":["GET"]}}],"collection":[{"href":"https:\/\/haberbesiktas.tr\/index.php?rest_route=\/wp\/v2\/posts"}],"about":[{"href":"https:\/\/haberbesiktas.tr\/index.php?rest_route=\/wp\/v2\/types\/post"}],"author":[{"embeddable":true,"href":"https:\/\/haberbesiktas.tr\/index.php?rest_route=\/wp\/v2\/users\/1"}],"replies":[{"embeddable":true,"href":"https:\/\/haberbesiktas.tr\/index.php?rest_route=%2Fwp%2Fv2%2Fcomments&post=20320"}],"version-history":[{"count":1,"href":"https:\/\/haberbesiktas.tr\/index.php?rest_route=\/wp\/v2\/posts\/20320\/revisions"}],"predecessor-version":[{"id":20322,"href":"https:\/\/haberbesiktas.tr\/index.php?rest_route=\/wp\/v2\/posts\/20320\/revisions\/20322"}],"wp:featuredmedia":[{"embeddable":true,"href":"https:\/\/haberbesiktas.tr\/index.php?rest_route=\/wp\/v2\/media\/20321"}],"wp:attachment":[{"href":"https:\/\/haberbesiktas.tr\/index.php?rest_route=%2Fwp%2Fv2%2Fmedia&parent=20320"}],"wp:term":[{"taxonomy":"category","embeddable":true,"href":"https:\/\/haberbesiktas.tr\/index.php?rest_route=%2Fwp%2Fv2%2Fcategories&post=20320"},{"taxonomy":"post_tag","embeddable":true,"href":"https:\/\/haberbesiktas.tr\/index.php?rest_route=%2Fwp%2Fv2%2Ftags&post=20320"}],"curies":[{"name":"wp","href":"https:\/\/api.w.org\/{rel}","templated":true}]}}