{"id":20323,"date":"2025-04-16T20:48:05","date_gmt":"2025-04-16T20:48:05","guid":{"rendered":"https:\/\/haberbesiktas.tr\/?p=20323"},"modified":"2025-04-16T20:48:05","modified_gmt":"2025-04-16T20:48:05","slug":"guardiolanin-yeni-gozdesi-wirtz","status":"publish","type":"post","link":"https:\/\/haberbesiktas.tr\/?p=20323","title":{"rendered":"Guardiola&#8217;n\u0131n yeni g\u00f6zdesi Wirtz"},"content":{"rendered":"<div>Manchester City, yaz transfer periyodu i\u00e7in g\u00f6z\u00fcn\u00fc Bayer Leverkusen&#8217;den Florian Wirtz&#8217;e dikti.<\/p>\n<p> TNT Sports&#8217;ta yer alan habere nazaran, Manchester City Teknik Y\u00f6neticisi Pep Guardiola, kontrat\u0131 d\u00f6nem sonunda bitecek Kevin De Bruyne yerine Alman y\u0131ld\u0131z\u0131 d\u00fc\u015f\u00fcn\u00fcyor.<\/p>\n<p> Guardiola&#8217;n\u0131n, Kevin De Bruyne&#8217;nin halefi olarak Florian Wirtz&#8217;i g\u00f6rd\u00fc\u011f\u00fc belirtildi.<\/p>\n<p> Bayern M\u00fcnih ile de ismi ge\u00e7en Wirtz, bu d\u00f6nem Bayer Leverkusen&#8217;de \u00e7\u0131kt\u0131\u011f\u0131 35 ma\u00e7ta 15 gol att\u0131 ve 12 asist yapt\u0131.<\/p>\n<p> \u015eimdiki piyasa pahas\u0131 140 milyon euro olarak g\u00f6sterilen 21 ya\u015f\u0131ndaki Florian Wirtz&#8217;in kul\u00fcb\u00fc Bayer Leverkusen ile kontrat\u0131 2027 y\u0131l\u0131na kadar devam ediyor.<\/p>\n<\/div>\n","protected":false},"excerpt":{"rendered":"<p>Manchester City Teknik Y\u00f6neticisi Pep Guardiola, kontrat\u0131 d\u00f6nem sonunda bitecek Kevin De Bruyne&#8217;nin yerine Florian Wirtz&#8217;i d\u00fc\u015f\u00fcn\u00fcyor.<\/p>\n","protected":false},"author":1,"featured_media":20324,"comment_status":"open","ping_status":"open","sticky":false,"template":"","format":"standard","meta":{"footnotes":""},"categories":[25],"tags":[],"class_list":["post-20323","post","type-post","status-publish","format-standard","has-post-thumbnail","hentry","category-futbol"],"_links":{"self":[{"href":"https:\/\/haberbesiktas.tr\/index.php?rest_route=\/wp\/v2\/posts\/20323","targetHints":{"allow":["GET"]}}],"collection":[{"href":"https:\/\/haberbesiktas.tr\/index.php?rest_route=\/wp\/v2\/posts"}],"about":[{"href":"https:\/\/haberbesiktas.tr\/index.php?rest_route=\/wp\/v2\/types\/post"}],"author":[{"embeddable":true,"href":"https:\/\/haberbesiktas.tr\/index.php?rest_route=\/wp\/v2\/users\/1"}],"replies":[{"embeddable":true,"href":"https:\/\/haberbesiktas.tr\/index.php?rest_route=%2Fwp%2Fv2%2Fcomments&post=20323"}],"version-history":[{"count":1,"href":"https:\/\/haberbesiktas.tr\/index.php?rest_route=\/wp\/v2\/posts\/20323\/revisions"}],"predecessor-version":[{"id":20325,"href":"https:\/\/haberbesiktas.tr\/index.php?rest_route=\/wp\/v2\/posts\/20323\/revisions\/20325"}],"wp:featuredmedia":[{"embeddable":true,"href":"https:\/\/haberbesiktas.tr\/index.php?rest_route=\/wp\/v2\/media\/20324"}],"wp:attachment":[{"href":"https:\/\/haberbesiktas.tr\/index.php?rest_route=%2Fwp%2Fv2%2Fmedia&parent=20323"}],"wp:term":[{"taxonomy":"category","embeddable":true,"href":"https:\/\/haberbesiktas.tr\/index.php?rest_route=%2Fwp%2Fv2%2Fcategories&post=20323"},{"taxonomy":"post_tag","embeddable":true,"href":"https:\/\/haberbesiktas.tr\/index.php?rest_route=%2Fwp%2Fv2%2Ftags&post=20323"}],"curies":[{"name":"wp","href":"https:\/\/api.w.org\/{rel}","templated":true}]}}