{"id":20333,"date":"2025-04-16T21:24:08","date_gmt":"2025-04-16T21:24:08","guid":{"rendered":"https:\/\/haberbesiktas.tr\/?p=20333"},"modified":"2025-04-16T21:24:08","modified_gmt":"2025-04-16T21:24:08","slug":"davinson-sanchezden-gelecek-hafta-vurgusu","status":"publish","type":"post","link":"https:\/\/haberbesiktas.tr\/?p=20333","title":{"rendered":"Davinson Sanchez&#8217;den gelecek hafta vurgusu!"},"content":{"rendered":"<div>Galatasaray&#8217;\u0131n ba\u015far\u0131l\u0131 savunmac\u0131s\u0131 Davinson Sanchez, Instagram hesab\u0131 \u00fczerinden bir payla\u015f\u0131m yapt\u0131.<\/p>\n<p>Rizespor kar\u015f\u0131s\u0131nda oynanan ma\u00e7ta Victor Osimhen ile bir foto\u011fraf\u0131n\u0131 payla\u015fan Kolombiyal\u0131 oyuncu, payla\u015f\u0131m\u0131n alt\u0131na,\u00a0<strong>&#8220;Sonuna kadar. \u00d6n\u00fcm\u00fczde b\u00fcy\u00fck bir hafta var.&#8221;<\/strong> yaz\u0131s\u0131n\u0131 ekledi.<\/p>\n<p>Davinson Sanchez&#8217;in bu payla\u015f\u0131m\u0131 \u00e7ok say\u0131da yorum ve be\u011feni ald\u0131.<\/p>\n<p>Bu d\u00f6nem Galatasaray formas\u0131yla 27 ma\u00e7a \u00e7\u0131kan Sanchez, 4 gol ve 1 asistlik performans sergiledi.<\/p><\/div>\n","protected":false},"excerpt":{"rendered":"<p>Galatasaray&#8217;\u0131n y\u0131ld\u0131z savunmac\u0131s\u0131 Davinson Sanchez, Instagram hesab\u0131ndan bir payla\u015f\u0131mda bulundu.<\/p>\n","protected":false},"author":1,"featured_media":20334,"comment_status":"open","ping_status":"open","sticky":false,"template":"","format":"standard","meta":{"footnotes":""},"categories":[25],"tags":[],"class_list":["post-20333","post","type-post","status-publish","format-standard","has-post-thumbnail","hentry","category-futbol"],"_links":{"self":[{"href":"https:\/\/haberbesiktas.tr\/index.php?rest_route=\/wp\/v2\/posts\/20333","targetHints":{"allow":["GET"]}}],"collection":[{"href":"https:\/\/haberbesiktas.tr\/index.php?rest_route=\/wp\/v2\/posts"}],"about":[{"href":"https:\/\/haberbesiktas.tr\/index.php?rest_route=\/wp\/v2\/types\/post"}],"author":[{"embeddable":true,"href":"https:\/\/haberbesiktas.tr\/index.php?rest_route=\/wp\/v2\/users\/1"}],"replies":[{"embeddable":true,"href":"https:\/\/haberbesiktas.tr\/index.php?rest_route=%2Fwp%2Fv2%2Fcomments&post=20333"}],"version-history":[{"count":1,"href":"https:\/\/haberbesiktas.tr\/index.php?rest_route=\/wp\/v2\/posts\/20333\/revisions"}],"predecessor-version":[{"id":20335,"href":"https:\/\/haberbesiktas.tr\/index.php?rest_route=\/wp\/v2\/posts\/20333\/revisions\/20335"}],"wp:featuredmedia":[{"embeddable":true,"href":"https:\/\/haberbesiktas.tr\/index.php?rest_route=\/wp\/v2\/media\/20334"}],"wp:attachment":[{"href":"https:\/\/haberbesiktas.tr\/index.php?rest_route=%2Fwp%2Fv2%2Fmedia&parent=20333"}],"wp:term":[{"taxonomy":"category","embeddable":true,"href":"https:\/\/haberbesiktas.tr\/index.php?rest_route=%2Fwp%2Fv2%2Fcategories&post=20333"},{"taxonomy":"post_tag","embeddable":true,"href":"https:\/\/haberbesiktas.tr\/index.php?rest_route=%2Fwp%2Fv2%2Ftags&post=20333"}],"curies":[{"name":"wp","href":"https:\/\/api.w.org\/{rel}","templated":true}]}}