{"id":20336,"date":"2025-04-16T21:36:08","date_gmt":"2025-04-16T21:36:08","guid":{"rendered":"https:\/\/haberbesiktas.tr\/?p=20336"},"modified":"2025-04-16T21:36:08","modified_gmt":"2025-04-16T21:36:08","slug":"arda-gulerden-ayrilik-karari","status":"publish","type":"post","link":"https:\/\/haberbesiktas.tr\/?p=20336","title":{"rendered":"Arda G\u00fcler&#8217;den ayr\u0131l\u0131k karar\u0131!"},"content":{"rendered":"<div>Real Madrid formas\u0131 giyen Arda G\u00fcler i\u00e7in \u0130spanya&#8217;dan ayr\u0131l\u0131k arg\u00fcman\u0131 g\u00fcndeme geldi.<\/p>\n<p> Sport&#8217;ta yer alan habere nazaran, gen\u00e7 futbolcu, kadroda ald\u0131\u011f\u0131 m\u00fcddetten mutlu de\u011fil. Arda G\u00fcler&#8217;in 2026&#8217;da d\u00fczenlenecek D\u00fcnya Kupas\u0131 nedeniyle gelecek y\u0131l daha fazla forma baht\u0131 bulmak istedi\u011fi belirtildi. Ulusal y\u0131ld\u0131z\u0131n, bu nedenle d\u00f6nem sonunda \u0130spanyol devinden kiral\u0131k olarak ayr\u0131lmak istedi\u011fi yaz\u0131ld\u0131.<\/p>\n<p><strong>ARDA \u0130LE B\u0130RL\u0130KTE ENDRICK<\/strong><\/p>\n<p> Real Madrid&#8217;de Arda G\u00fcler ile birlikte en az m\u00fchlet alan iki isimden biri olan Endrick&#8217;in de ulusal y\u0131ld\u0131zla birebir g\u00f6r\u00fc\u015fte oldu\u011fu ve gelecek d\u00f6nem daha fazla oynayaca\u011f\u0131 bir kadroya kiral\u0131k gitmek istedi\u011fi belirtildi.<\/p>\n<p> Arda G\u00fcler ve Endrick&#8217;in, gelecek d\u00f6nem geli\u015fimlerini s\u00fcrd\u00fcrebilecekleri \u00fcst seviye bir gruba kiral\u0131k olarak transfer olmak istedikleri kaydedildi.<\/p>\n<p><strong>PSG TEZ\u0130 G\u00dcNDEME GELD\u0130<\/strong><\/p>\n<p> \u0130spanyol bas\u0131n\u0131, ge\u00e7ti\u011fimiz g\u00fcnlerde Paris Saint-Germain&#8217;in Arda G\u00fcler ile ilgilendi\u011fini ve Frans\u0131z grubunun teknik y\u00f6neticisi Luis Enrique&#8217;nin, transfer i\u00e7in 19 ya\u015f\u0131ndaki futbolcuyla temasa ge\u00e7ti\u011fini \u00f6ne s\u00fcrm\u00fc\u015ft\u00fc.<\/p>\n<p> <strong>PERFORMANSLARI<\/strong><\/p>\n<p> Real Madrid&#8217;de bu d\u00f6nem 27 ma\u00e7ta 967 dakika m\u00fchlet bulan Arda G\u00fcler, 3 gol att\u0131 ve 5 asist yapt\u0131. Endrick ise talih buldu\u011fu 400 dakikada 5 gol, 1 asistlik performans ortaya koydu.<\/p>\n<\/div>\n","protected":false},"excerpt":{"rendered":"<p>Real Madrid formas\u0131 giyen Arda G\u00fcler, daha fazla m\u00fchlet alabilmek ismine yaz transfer periyodunda Real Madrid&#8217;den kiral\u0131k olarak ayr\u0131lmak istiyor.<\/p>\n","protected":false},"author":1,"featured_media":20337,"comment_status":"open","ping_status":"open","sticky":false,"template":"","format":"standard","meta":{"footnotes":""},"categories":[25],"tags":[866],"class_list":["post-20336","post","type-post","status-publish","format-standard","has-post-thumbnail","hentry","category-futbol","tag-arda-guler"],"_links":{"self":[{"href":"https:\/\/haberbesiktas.tr\/index.php?rest_route=\/wp\/v2\/posts\/20336","targetHints":{"allow":["GET"]}}],"collection":[{"href":"https:\/\/haberbesiktas.tr\/index.php?rest_route=\/wp\/v2\/posts"}],"about":[{"href":"https:\/\/haberbesiktas.tr\/index.php?rest_route=\/wp\/v2\/types\/post"}],"author":[{"embeddable":true,"href":"https:\/\/haberbesiktas.tr\/index.php?rest_route=\/wp\/v2\/users\/1"}],"replies":[{"embeddable":true,"href":"https:\/\/haberbesiktas.tr\/index.php?rest_route=%2Fwp%2Fv2%2Fcomments&post=20336"}],"version-history":[{"count":1,"href":"https:\/\/haberbesiktas.tr\/index.php?rest_route=\/wp\/v2\/posts\/20336\/revisions"}],"predecessor-version":[{"id":20338,"href":"https:\/\/haberbesiktas.tr\/index.php?rest_route=\/wp\/v2\/posts\/20336\/revisions\/20338"}],"wp:featuredmedia":[{"embeddable":true,"href":"https:\/\/haberbesiktas.tr\/index.php?rest_route=\/wp\/v2\/media\/20337"}],"wp:attachment":[{"href":"https:\/\/haberbesiktas.tr\/index.php?rest_route=%2Fwp%2Fv2%2Fmedia&parent=20336"}],"wp:term":[{"taxonomy":"category","embeddable":true,"href":"https:\/\/haberbesiktas.tr\/index.php?rest_route=%2Fwp%2Fv2%2Fcategories&post=20336"},{"taxonomy":"post_tag","embeddable":true,"href":"https:\/\/haberbesiktas.tr\/index.php?rest_route=%2Fwp%2Fv2%2Ftags&post=20336"}],"curies":[{"name":"wp","href":"https:\/\/api.w.org\/{rel}","templated":true}]}}