{"id":20342,"date":"2025-04-16T22:00:06","date_gmt":"2025-04-16T22:00:06","guid":{"rendered":"https:\/\/haberbesiktas.tr\/?p=20342"},"modified":"2025-04-16T22:00:06","modified_gmt":"2025-04-16T22:00:06","slug":"trabzonsporda-denswil-ile-ayrilik","status":"publish","type":"post","link":"https:\/\/haberbesiktas.tr\/?p=20342","title":{"rendered":"Trabzonspor&#8217;da Denswil ile ayr\u0131l\u0131k!"},"content":{"rendered":"<div>Trabzonspor&#8217;da tak\u0131m d\u0131\u015f\u0131 kalan Stefano Denswil ile ilgili k\u0131ymetli bir geli\u015fme ya\u015fand\u0131.<\/p>\n<p> 61 Saat&#8217;in haberine nazaran, Trabzonspor&#8217;un kontrat fesih g\u00f6r\u00fc\u015fmeleri yapt\u0131\u011f\u0131 Denswil i\u00e7in menajeri, sal\u0131 ak\u015fam\u0131 Trabzon&#8217;a gitti ve idareyle g\u00f6r\u00fc\u015ft\u00fc.<\/p>\n<p> Bu g\u00f6r\u00fc\u015fmenin akabinde Trabzonspor&#8217;da Denswil ile yollar ayr\u0131ld\u0131.<\/p>\n<p> Trabzonspor formas\u0131yla \u015fampiyonluk ya\u015fayan Stefano Denswil, bordo-mavililerde 103 ma\u00e7ta 4 gol 4 asistlik skor katk\u0131s\u0131 sa\u011flad\u0131.<\/p>\n<\/div>\n","protected":false},"excerpt":{"rendered":"<p>Trabzonspor, tak\u0131m d\u0131\u015f\u0131 durumunda bulunan Stefano Denswil ile yollar\u0131n\u0131 ay\u0131rd\u0131.<\/p>\n","protected":false},"author":1,"featured_media":20343,"comment_status":"open","ping_status":"open","sticky":false,"template":"","format":"standard","meta":{"footnotes":""},"categories":[25],"tags":[],"class_list":["post-20342","post","type-post","status-publish","format-standard","has-post-thumbnail","hentry","category-futbol"],"_links":{"self":[{"href":"https:\/\/haberbesiktas.tr\/index.php?rest_route=\/wp\/v2\/posts\/20342","targetHints":{"allow":["GET"]}}],"collection":[{"href":"https:\/\/haberbesiktas.tr\/index.php?rest_route=\/wp\/v2\/posts"}],"about":[{"href":"https:\/\/haberbesiktas.tr\/index.php?rest_route=\/wp\/v2\/types\/post"}],"author":[{"embeddable":true,"href":"https:\/\/haberbesiktas.tr\/index.php?rest_route=\/wp\/v2\/users\/1"}],"replies":[{"embeddable":true,"href":"https:\/\/haberbesiktas.tr\/index.php?rest_route=%2Fwp%2Fv2%2Fcomments&post=20342"}],"version-history":[{"count":1,"href":"https:\/\/haberbesiktas.tr\/index.php?rest_route=\/wp\/v2\/posts\/20342\/revisions"}],"predecessor-version":[{"id":20344,"href":"https:\/\/haberbesiktas.tr\/index.php?rest_route=\/wp\/v2\/posts\/20342\/revisions\/20344"}],"wp:featuredmedia":[{"embeddable":true,"href":"https:\/\/haberbesiktas.tr\/index.php?rest_route=\/wp\/v2\/media\/20343"}],"wp:attachment":[{"href":"https:\/\/haberbesiktas.tr\/index.php?rest_route=%2Fwp%2Fv2%2Fmedia&parent=20342"}],"wp:term":[{"taxonomy":"category","embeddable":true,"href":"https:\/\/haberbesiktas.tr\/index.php?rest_route=%2Fwp%2Fv2%2Fcategories&post=20342"},{"taxonomy":"post_tag","embeddable":true,"href":"https:\/\/haberbesiktas.tr\/index.php?rest_route=%2Fwp%2Fv2%2Ftags&post=20342"}],"curies":[{"name":"wp","href":"https:\/\/api.w.org\/{rel}","templated":true}]}}