{"id":20357,"date":"2025-04-16T23:00:10","date_gmt":"2025-04-16T23:00:10","guid":{"rendered":"https:\/\/haberbesiktas.tr\/?p=20357"},"modified":"2025-04-16T23:00:10","modified_gmt":"2025-04-16T23:00:10","slug":"ali-koctan-stadyum-aciklamasi","status":"publish","type":"post","link":"https:\/\/haberbesiktas.tr\/?p=20357","title":{"rendered":"Ali Ko\u00e7&#8217;tan stadyum a\u00e7\u0131klamas\u0131!"},"content":{"rendered":"<div>Fenerbah\u00e7e Ba\u015fkan\u0131 Ali Ko\u00e7, &#8220;Devrim Erbil: Fenerbah\u00e7e Koleksiyonu&#8221; tan\u0131t\u0131m gecesinde a\u00e7\u0131klamalarda bulundu.<\/p>\n<p> Tan\u0131t\u0131m gecesinde \u0130htilal Erbil, Fenerbah\u00e7e Stadyumu&#8217;nun bir tablosunu Fenerbah\u00e7e&#8217;ye arma\u011fan etti.<\/p>\n<p> Ali Ko\u00e7, \u0130htilal Erbil&#8217;in arma\u011fan\u0131n\u0131n akabinde, <strong>&#8220;\u00c7ok te\u015fekk\u00fcr ediyoruz. \u0130n\u015fallah biz iki sene sonra stadyumumuzu b\u00fcy\u00fctm\u00fc\u015f olaca\u011f\u0131z. O vakit bir stant daha yapar m\u0131y\u0131z? (G\u00fclerek) Yoksa bunlar\u0131n \u00fczerine mi d\u00fczeltirsiniz?&#8221;<\/strong> halinde konu\u015ftu.<\/p>\n<p><strong>Devrim Erbil&#8217;in Fenerbah\u00e7e&#8217;ye hediyesi<\/p>\n<p><img decoding=\"async\" src=\"https:\/\/haberbesiktas.tr\/wp-content\/uploads\/2025\/04\/ali-koctan-stadyum-aciklamasi-0-iUKS3GTV.jpg\"\/><\/p>\n<p><img decoding=\"async\" src=\"https:\/\/haberbesiktas.tr\/wp-content\/uploads\/2025\/04\/ali-koctan-stadyum-aciklamasi-1-k9Gcq45D.jpg\"\/><\/p>\n<p><\/strong><\/p>\n<\/div>\n","protected":false},"excerpt":{"rendered":"<p>Fenerbah\u00e7e Ba\u015fkan\u0131 Ali Ko\u00e7, &#8220;\u0130n\u015fallah iki d\u00f6nem sonra stadyumumuzu b\u00fcy\u00fctm\u00fc\u015f olaca\u011f\u0131z.&#8221; formunda konu\u015ftu.<\/p>\n","protected":false},"author":1,"featured_media":20358,"comment_status":"open","ping_status":"open","sticky":false,"template":"","format":"standard","meta":{"footnotes":""},"categories":[25],"tags":[115],"class_list":["post-20357","post","type-post","status-publish","format-standard","has-post-thumbnail","hentry","category-futbol","tag-fenerbahce"],"_links":{"self":[{"href":"https:\/\/haberbesiktas.tr\/index.php?rest_route=\/wp\/v2\/posts\/20357","targetHints":{"allow":["GET"]}}],"collection":[{"href":"https:\/\/haberbesiktas.tr\/index.php?rest_route=\/wp\/v2\/posts"}],"about":[{"href":"https:\/\/haberbesiktas.tr\/index.php?rest_route=\/wp\/v2\/types\/post"}],"author":[{"embeddable":true,"href":"https:\/\/haberbesiktas.tr\/index.php?rest_route=\/wp\/v2\/users\/1"}],"replies":[{"embeddable":true,"href":"https:\/\/haberbesiktas.tr\/index.php?rest_route=%2Fwp%2Fv2%2Fcomments&post=20357"}],"version-history":[{"count":1,"href":"https:\/\/haberbesiktas.tr\/index.php?rest_route=\/wp\/v2\/posts\/20357\/revisions"}],"predecessor-version":[{"id":20361,"href":"https:\/\/haberbesiktas.tr\/index.php?rest_route=\/wp\/v2\/posts\/20357\/revisions\/20361"}],"wp:featuredmedia":[{"embeddable":true,"href":"https:\/\/haberbesiktas.tr\/index.php?rest_route=\/wp\/v2\/media\/20358"}],"wp:attachment":[{"href":"https:\/\/haberbesiktas.tr\/index.php?rest_route=%2Fwp%2Fv2%2Fmedia&parent=20357"}],"wp:term":[{"taxonomy":"category","embeddable":true,"href":"https:\/\/haberbesiktas.tr\/index.php?rest_route=%2Fwp%2Fv2%2Fcategories&post=20357"},{"taxonomy":"post_tag","embeddable":true,"href":"https:\/\/haberbesiktas.tr\/index.php?rest_route=%2Fwp%2Fv2%2Ftags&post=20357"}],"curies":[{"name":"wp","href":"https:\/\/api.w.org\/{rel}","templated":true}]}}