{"id":20368,"date":"2025-04-16T23:36:09","date_gmt":"2025-04-16T23:36:09","guid":{"rendered":"https:\/\/haberbesiktas.tr\/?p=20368"},"modified":"2025-04-16T23:36:09","modified_gmt":"2025-04-16T23:36:09","slug":"ansu-fati-bundesligaya-dogru","status":"publish","type":"post","link":"https:\/\/haberbesiktas.tr\/?p=20368","title":{"rendered":"Ansu Fati, Bundesliga&#8217;ya do\u011fru!"},"content":{"rendered":"<div>Barcelona&#8217;da gere\u011fince forma talihi bulamayan ve k\u0131\u015f transfer periyodunda ismi s\u0131k\u00e7a Fenerbah\u00e7e ve Be\u015fikta\u015f ile an\u0131lan Ansu Fati ile ilgili \u00e7arp\u0131c\u0131 bir arg\u00fcman g\u00fcndeme geldi.<\/p>\n<p><strong>DORTMUND&#8217;A YE\u015e\u0130L I\u015eIK YAKTI<\/strong><\/p>\n<p> Todofichajes&#8217;in haberine nazaran, Real Betis ve Sevilla \u00fczere kul\u00fcplerin ilgisine kar\u015f\u0131n \u0130spanyol futbolcu, mesle\u011fini tekrar \u015fekillendirmek i\u00e7in Borussia Dortmund&#8217;u tercih etti.<\/p>\n<p> <strong>ALMANYA&#8217;DA Y\u0130NE DO\u011eMAK \u0130ST\u0130YOR<\/strong><\/p>\n<p> Gen\u00e7 oyuncular\u0131n geli\u015fimine katk\u0131s\u0131yla bilinen Borussia Dortmund, daha evvel Jadon Sancho, Jude Bellingham ve Erling Haaland \u00fczere isimleri parlatm\u0131\u015ft\u0131. Alman tak\u0131m\u0131n\u0131n, Ansu Fati&#8217;yi de misal formda tekrar y\u00fckseli\u015fe ge\u00e7irmeyi hedefledi\u011fi belirtiliyor.<\/p>\n<p> Borussia Dortmund&#8217;un bu transfer i\u00e7in 10 milyon Euro ve bir sonraki sat\u0131\u015ftan hisse i\u00e7eren bir teklif haz\u0131rlad\u0131\u011f\u0131, Barcelona&#8217;n\u0131n da bu ko\u015fullara olumlu yakla\u015ft\u0131\u011f\u0131 \u00f6ne s\u00fcr\u00fcld\u00fc. Katalan kul\u00fcb\u00fc, y\u00fcksek maa\u015f y\u00fck\u00fcnden kurtulmak ismine bu teklife s\u0131cak bak\u0131yor.<\/p>\n<p> <strong>T\u00dcRK\u0130YE DEFTER\u0130 KAPANDI<\/strong><\/p>\n<p> Fenerbah\u00e7e ve Be\u015fikta\u015f&#8217;\u0131n ilgilendi\u011fi 22 ya\u015f\u0131ndaki kanat oyuncusunun, S\u00fcper Lig tak\u0131mlar\u0131yla mutabakat sa\u011flayamamas\u0131 nedeniyle rotas\u0131n\u0131 Bundesliga&#8217;ya \u00e7evirdi\u011fi s\u00f6z edildi.<\/p>\n<p> <strong>PERFORMANSI<\/strong><\/p>\n<p> 2024\/25 d\u00f6neminde Barcelona formas\u0131yla t\u00fcm kulvarlarda yaln\u0131zca 8 ma\u00e7a \u00e7\u0131kan Ansu Fati, toplamda 186 dakika m\u00fchlet al\u0131rken skora katk\u0131 yapamad\u0131.<\/p>\n<\/div>\n","protected":false},"excerpt":{"rendered":"<p>Barcelona futbolcusu Ansu Fati ile Bundesliga tak\u0131mlar\u0131ndan Borussia Dortmund ilgileniyor.<\/p>\n","protected":false},"author":1,"featured_media":20369,"comment_status":"open","ping_status":"open","sticky":false,"template":"","format":"standard","meta":{"footnotes":""},"categories":[25],"tags":[],"class_list":["post-20368","post","type-post","status-publish","format-standard","has-post-thumbnail","hentry","category-futbol"],"_links":{"self":[{"href":"https:\/\/haberbesiktas.tr\/index.php?rest_route=\/wp\/v2\/posts\/20368","targetHints":{"allow":["GET"]}}],"collection":[{"href":"https:\/\/haberbesiktas.tr\/index.php?rest_route=\/wp\/v2\/posts"}],"about":[{"href":"https:\/\/haberbesiktas.tr\/index.php?rest_route=\/wp\/v2\/types\/post"}],"author":[{"embeddable":true,"href":"https:\/\/haberbesiktas.tr\/index.php?rest_route=\/wp\/v2\/users\/1"}],"replies":[{"embeddable":true,"href":"https:\/\/haberbesiktas.tr\/index.php?rest_route=%2Fwp%2Fv2%2Fcomments&post=20368"}],"version-history":[{"count":1,"href":"https:\/\/haberbesiktas.tr\/index.php?rest_route=\/wp\/v2\/posts\/20368\/revisions"}],"predecessor-version":[{"id":20370,"href":"https:\/\/haberbesiktas.tr\/index.php?rest_route=\/wp\/v2\/posts\/20368\/revisions\/20370"}],"wp:featuredmedia":[{"embeddable":true,"href":"https:\/\/haberbesiktas.tr\/index.php?rest_route=\/wp\/v2\/media\/20369"}],"wp:attachment":[{"href":"https:\/\/haberbesiktas.tr\/index.php?rest_route=%2Fwp%2Fv2%2Fmedia&parent=20368"}],"wp:term":[{"taxonomy":"category","embeddable":true,"href":"https:\/\/haberbesiktas.tr\/index.php?rest_route=%2Fwp%2Fv2%2Fcategories&post=20368"},{"taxonomy":"post_tag","embeddable":true,"href":"https:\/\/haberbesiktas.tr\/index.php?rest_route=%2Fwp%2Fv2%2Ftags&post=20368"}],"curies":[{"name":"wp","href":"https:\/\/api.w.org\/{rel}","templated":true}]}}