{"id":20405,"date":"2025-04-17T02:24:12","date_gmt":"2025-04-17T02:24:12","guid":{"rendered":"https:\/\/haberbesiktas.tr\/?p=20405"},"modified":"2025-04-17T02:24:12","modified_gmt":"2025-04-17T02:24:12","slug":"arda-turan-pfdkye-sevk-edildi","status":"publish","type":"post","link":"https:\/\/haberbesiktas.tr\/?p=20405","title":{"rendered":"Arda Turan, PFDK&#8217;ye sevk edildi!"},"content":{"rendered":"<div>T\u00fcrkiye Futbol Federasyonu, PFDK sevklerini a\u00e7\u0131klad\u0131.<\/p>\n<p> Ey\u00fcpspor Teknik Y\u00f6neticisi Arda Turan,<strong> &#8220;Tehdidi&#8221;<\/strong> nedeniyle PFDK&#8217;ye sevk edildi. Ey\u00fcpspor, \u00dcst\u00fcn Lig&#8217;in 25. haftas\u0131nda Be\u015fikta\u015f ile kar\u015f\u0131 kar\u015f\u0131ya gelecek. Arda Turan, ceza almas\u0131 durumunda bu ma\u00e7ta grubunu yaln\u0131z b\u0131rakacak.<\/p>\n<p> Adana Demirspor ma\u00e7\u0131nda k\u0131rm\u0131z\u0131 kart g\u00f6ren Antalyaspor Teknik Y\u00f6neticisi Emre Bel\u00f6zo\u011flu da sportmenli\u011fe kar\u015f\u0131t hareket nedeniyle PFDK&#8217;ye sevk oldu.<\/p>\n<p> <strong>PFDK SEVKLER\u0130<\/strong><\/p>\n<p> <strong>Be\u015fikta\u015f:<\/strong> Naho\u015f ve makus tezah\u00fcrat, saha olaylar\u0131<br \/><strong>Fenerbah\u00e7e<\/strong>: Naho\u015f ve makus tezah\u00fcrat<br \/><strong>Galatasaray:<\/strong> Naho\u015f ve berbat tezah\u00fcrat, saha olaylar\u0131<\/p>\n<\/div>\n","protected":false},"excerpt":{"rendered":"<p>Ey\u00fcpspor Teknik Y\u00f6neticisi Arda Turan, &#8220;Tehdidi&#8221; nedeniyle PFDK&#8217;ye sevk edildi.<\/p>\n","protected":false},"author":1,"featured_media":20406,"comment_status":"open","ping_status":"open","sticky":false,"template":"","format":"standard","meta":{"footnotes":""},"categories":[25],"tags":[],"class_list":["post-20405","post","type-post","status-publish","format-standard","has-post-thumbnail","hentry","category-futbol"],"_links":{"self":[{"href":"https:\/\/haberbesiktas.tr\/index.php?rest_route=\/wp\/v2\/posts\/20405","targetHints":{"allow":["GET"]}}],"collection":[{"href":"https:\/\/haberbesiktas.tr\/index.php?rest_route=\/wp\/v2\/posts"}],"about":[{"href":"https:\/\/haberbesiktas.tr\/index.php?rest_route=\/wp\/v2\/types\/post"}],"author":[{"embeddable":true,"href":"https:\/\/haberbesiktas.tr\/index.php?rest_route=\/wp\/v2\/users\/1"}],"replies":[{"embeddable":true,"href":"https:\/\/haberbesiktas.tr\/index.php?rest_route=%2Fwp%2Fv2%2Fcomments&post=20405"}],"version-history":[{"count":1,"href":"https:\/\/haberbesiktas.tr\/index.php?rest_route=\/wp\/v2\/posts\/20405\/revisions"}],"predecessor-version":[{"id":20407,"href":"https:\/\/haberbesiktas.tr\/index.php?rest_route=\/wp\/v2\/posts\/20405\/revisions\/20407"}],"wp:featuredmedia":[{"embeddable":true,"href":"https:\/\/haberbesiktas.tr\/index.php?rest_route=\/wp\/v2\/media\/20406"}],"wp:attachment":[{"href":"https:\/\/haberbesiktas.tr\/index.php?rest_route=%2Fwp%2Fv2%2Fmedia&parent=20405"}],"wp:term":[{"taxonomy":"category","embeddable":true,"href":"https:\/\/haberbesiktas.tr\/index.php?rest_route=%2Fwp%2Fv2%2Fcategories&post=20405"},{"taxonomy":"post_tag","embeddable":true,"href":"https:\/\/haberbesiktas.tr\/index.php?rest_route=%2Fwp%2Fv2%2Ftags&post=20405"}],"curies":[{"name":"wp","href":"https:\/\/api.w.org\/{rel}","templated":true}]}}