{"id":20408,"date":"2025-04-17T02:36:06","date_gmt":"2025-04-17T02:36:06","guid":{"rendered":"https:\/\/haberbesiktas.tr\/?p=20408"},"modified":"2025-04-17T02:36:06","modified_gmt":"2025-04-17T02:36:06","slug":"belcikada-fenerbahce-alarmi-yasak-geldi","status":"publish","type":"post","link":"https:\/\/haberbesiktas.tr\/?p=20408","title":{"rendered":"Bel\u00e7ika&#8217;da Fenerbah\u00e7e alarm\u0131! Yasak geldi"},"content":{"rendered":"<div>Fenerbah\u00e7e, UEFA Avrupa Ligi Play-off tipi r\u00f6van\u015f ma\u00e7\u0131nda Anderlecht ile Bel\u00e7ika&#8217;da kar\u015f\u0131 kar\u015f\u0131ya gelecek.\u00a0<\/p>\n<p>20 \u015eubat tarihinde oynanacak \u00e7aba \u00f6ncesi Br\u00fcksel&#8217;de a\u011f\u0131r tedbirler al\u0131n\u0131yor.\u00a0<\/p>\n<p>Son g\u00fcnlerde Br\u00fcksel&#8217;in Anderlecht b\u00f6lgesinde ya\u015fanan silahl\u0131 \u00e7at\u0131\u015fmalar nedeniyle, ma\u00e7 y\u00fcksek riskli olarak s\u0131n\u0131fland\u0131r\u0131ld\u0131 ve bu durum, g\u00fcvenlik tedbirlerinin art\u0131r\u0131lmas\u0131na sebep oldu.<\/p>\n<p>Bel\u00e7ika bas\u0131n\u0131nda, Orta Br\u00fcksel B\u00f6lgesi emniyet yetkililerinden bir ismin, kentteki kritik noktalarda polisin haz\u0131r bulunaca\u011f\u0131na dair kelamlar\u0131na yer verildi.<\/p>\n<p>Al\u0131nan tedbirler kapsam\u0131nda, trib\u00fcnlerde yer alacak 920 T\u00fcrk taraftar\u0131n metroya binmesi yasakland\u0131. Taraftarlar, stadyuma \u00f6zel otob\u00fcslerle ta\u015f\u0131nacak.<\/p><\/div>\n","protected":false},"excerpt":{"rendered":"<p>Anderlecht, per\u015fembe g\u00fcn\u00fc UEFA Avrupa Ligi play-off r\u00f6van\u015f ma\u00e7\u0131nda Fenerbah\u00e7e&#8217;yi a\u011f\u0131rlamaya haz\u0131rlan\u0131yor.<\/p>\n","protected":false},"author":1,"featured_media":20409,"comment_status":"open","ping_status":"open","sticky":false,"template":"","format":"standard","meta":{"footnotes":""},"categories":[25],"tags":[],"class_list":["post-20408","post","type-post","status-publish","format-standard","has-post-thumbnail","hentry","category-futbol"],"_links":{"self":[{"href":"https:\/\/haberbesiktas.tr\/index.php?rest_route=\/wp\/v2\/posts\/20408","targetHints":{"allow":["GET"]}}],"collection":[{"href":"https:\/\/haberbesiktas.tr\/index.php?rest_route=\/wp\/v2\/posts"}],"about":[{"href":"https:\/\/haberbesiktas.tr\/index.php?rest_route=\/wp\/v2\/types\/post"}],"author":[{"embeddable":true,"href":"https:\/\/haberbesiktas.tr\/index.php?rest_route=\/wp\/v2\/users\/1"}],"replies":[{"embeddable":true,"href":"https:\/\/haberbesiktas.tr\/index.php?rest_route=%2Fwp%2Fv2%2Fcomments&post=20408"}],"version-history":[{"count":1,"href":"https:\/\/haberbesiktas.tr\/index.php?rest_route=\/wp\/v2\/posts\/20408\/revisions"}],"predecessor-version":[{"id":20410,"href":"https:\/\/haberbesiktas.tr\/index.php?rest_route=\/wp\/v2\/posts\/20408\/revisions\/20410"}],"wp:featuredmedia":[{"embeddable":true,"href":"https:\/\/haberbesiktas.tr\/index.php?rest_route=\/wp\/v2\/media\/20409"}],"wp:attachment":[{"href":"https:\/\/haberbesiktas.tr\/index.php?rest_route=%2Fwp%2Fv2%2Fmedia&parent=20408"}],"wp:term":[{"taxonomy":"category","embeddable":true,"href":"https:\/\/haberbesiktas.tr\/index.php?rest_route=%2Fwp%2Fv2%2Fcategories&post=20408"},{"taxonomy":"post_tag","embeddable":true,"href":"https:\/\/haberbesiktas.tr\/index.php?rest_route=%2Fwp%2Fv2%2Ftags&post=20408"}],"curies":[{"name":"wp","href":"https:\/\/api.w.org\/{rel}","templated":true}]}}