{"id":20411,"date":"2025-04-17T02:48:05","date_gmt":"2025-04-17T02:48:05","guid":{"rendered":"https:\/\/haberbesiktas.tr\/?p=20411"},"modified":"2025-04-17T02:48:05","modified_gmt":"2025-04-17T02:48:05","slug":"sergio-oliveiradan-olympiakosa-veda","status":"publish","type":"post","link":"https:\/\/haberbesiktas.tr\/?p=20411","title":{"rendered":"Sergio Oliveira&#8217;dan Olympiakos&#8217;a veda!"},"content":{"rendered":"<div>Galatasaray&#8217;dan yaz transfer devrinde Olympiakos&#8217;a transfer olan Sergio Oliveira&#8217;n\u0131n yeni grubu muhakkak oldu.<\/p>\n<p> Portekizli orta saha oyuncusu, Olympiakos&#8217;tan Brezilya Serie B grubu Sport Recife&#8217;ye transfer oldu.<\/p>\n<p> Bu geli\u015fmenin akabinde Oliveira, Olympiakos i\u00e7in bir veda bildirisi yay\u0131nlad\u0131. Oliveira, a\u00e7\u0131klamas\u0131nda, <strong>&#8220;Olympiakos&#8217;ta ge\u00e7irdi\u011fim m\u00fchlet k\u0131sa lakin sahiden \u00e7ok \u00f6zeldi. Birinci g\u00fcnden itibaren kul\u00fcp, ekip arkada\u015flar\u0131m ve taraftarlardan g\u00f6rd\u00fc\u011f\u00fcm\u00fcz s\u0131cak kar\u015f\u0131lama sayesinde ailemle birlikte kendimizi konutumuzda hissettik. Yunanistan&#8217;\u0131n kalbimizde her vakit \u00f6zel bir yeri olacak, yaln\u0131zca ya\u015fad\u0131\u011f\u0131m\u0131z anlar i\u00e7in de\u011fil bebe\u011fimiz do\u011fdu\u011fu i\u00e7in de o denli. Te\u015fekk\u00fcrler Olympiakos. Beni destekleyen herkese te\u015fekk\u00fcr ederim. Hepinize en g\u00fczel dileklerimi sunuyorum.&#8221;<\/strong> tabirlerine yer verdi.<\/p>\n<p> Sergio Oliveira, Olympiakos&#8217;ta 14 ma\u00e7ta 534 dakika m\u00fcddet buldu. 32 ya\u015f\u0131ndaki futbolcu, bu m\u00fcsabakalarda kadrosuna skor katk\u0131s\u0131 sa\u011flayamad\u0131.<\/p>\n<\/div>\n","protected":false},"excerpt":{"rendered":"<p>Olympiakos formas\u0131 giyen Sergio Oliveira, Brezilya Serie B tak\u0131m\u0131 Sport Recife&#8217;ye transfer oldu. Oliveira, bu geli\u015fmenin akabinde Olympiakos&#8217;a veda etti.<\/p>\n","protected":false},"author":1,"featured_media":20412,"comment_status":"open","ping_status":"open","sticky":false,"template":"","format":"standard","meta":{"footnotes":""},"categories":[25],"tags":[515],"class_list":["post-20411","post","type-post","status-publish","format-standard","has-post-thumbnail","hentry","category-futbol","tag-olympiakos"],"_links":{"self":[{"href":"https:\/\/haberbesiktas.tr\/index.php?rest_route=\/wp\/v2\/posts\/20411","targetHints":{"allow":["GET"]}}],"collection":[{"href":"https:\/\/haberbesiktas.tr\/index.php?rest_route=\/wp\/v2\/posts"}],"about":[{"href":"https:\/\/haberbesiktas.tr\/index.php?rest_route=\/wp\/v2\/types\/post"}],"author":[{"embeddable":true,"href":"https:\/\/haberbesiktas.tr\/index.php?rest_route=\/wp\/v2\/users\/1"}],"replies":[{"embeddable":true,"href":"https:\/\/haberbesiktas.tr\/index.php?rest_route=%2Fwp%2Fv2%2Fcomments&post=20411"}],"version-history":[{"count":1,"href":"https:\/\/haberbesiktas.tr\/index.php?rest_route=\/wp\/v2\/posts\/20411\/revisions"}],"predecessor-version":[{"id":20413,"href":"https:\/\/haberbesiktas.tr\/index.php?rest_route=\/wp\/v2\/posts\/20411\/revisions\/20413"}],"wp:featuredmedia":[{"embeddable":true,"href":"https:\/\/haberbesiktas.tr\/index.php?rest_route=\/wp\/v2\/media\/20412"}],"wp:attachment":[{"href":"https:\/\/haberbesiktas.tr\/index.php?rest_route=%2Fwp%2Fv2%2Fmedia&parent=20411"}],"wp:term":[{"taxonomy":"category","embeddable":true,"href":"https:\/\/haberbesiktas.tr\/index.php?rest_route=%2Fwp%2Fv2%2Fcategories&post=20411"},{"taxonomy":"post_tag","embeddable":true,"href":"https:\/\/haberbesiktas.tr\/index.php?rest_route=%2Fwp%2Fv2%2Ftags&post=20411"}],"curies":[{"name":"wp","href":"https:\/\/api.w.org\/{rel}","templated":true}]}}