{"id":20478,"date":"2025-04-17T07:12:06","date_gmt":"2025-04-17T07:12:06","guid":{"rendered":"https:\/\/haberbesiktas.tr\/?p=20478"},"modified":"2025-04-17T07:12:06","modified_gmt":"2025-04-17T07:12:06","slug":"fenerbahcede-isin-sirri-sistem","status":"publish","type":"post","link":"https:\/\/haberbesiktas.tr\/?p=20478","title":{"rendered":"Fenerbah\u00e7e&#8217;de i\u015fin s\u0131rr\u0131 sistem!"},"content":{"rendered":"<div>Fenerbah\u00e7e&#8217;de teknik y\u00f6netici Jose Mourinho&#8217;nun \u00fc\u00e7l\u00fc savunma sistemine ge\u00e7mesi sar\u0131-lacivertli kadronun y\u00fckseli\u015fe ge\u00e7mesini sa\u011flad\u0131.<\/p>\n<p> Fenerbah\u00e7e&#8217;de ge\u00e7i\u015f periyodu ve transferlerin adaptasyonu nedeniyle yeni d\u00f6nem sanc\u0131l\u0131 ve puan kay\u0131plar\u0131yla ba\u015flad\u0131. Fenerbah\u00e7e Teknik Y\u00f6neticisi Jose Mourinho da tenkitlerden nasibini ald\u0131.<\/p>\n<p> Portekizli teknik adam, ligdeki Hatayspor ma\u00e7\u0131yla birlikte \u00fc\u00e7l\u00fc savunmaya ge\u00e7ti ve sar\u0131-lacivertli kadro, y\u00fckseli\u015fe ge\u00e7ti.<\/p>\n<p> Fenerbah\u00e7e, ligdekki Hatayspor ma\u00e7\u0131ndan itibaren \u00fc\u00e7l\u00fc sistemle alanda yer ald\u0131. Sar\u0131-lacivertli ekip son 13 ma\u00e7ta 33 gol atarken 11 galibiyet ve 2 beraberlik ya\u015fad\u0131, hi\u00e7 yenilgi ya\u015famad\u0131.<\/p>\n<p> Fenerbah\u00e7e&#8217;de daha evvel Vitor Pereira ve Jorge Jesus da \u00fc\u00e7l\u00fc savunma sistemi ile oynam\u0131\u015ft\u0131 lakin sar\u0131-lacivertliler, Pereira ve Jesus periyotlar\u0131nda \u00fc\u00e7l\u00fc sistemde istedi\u011fini bulamam\u0131\u015ft\u0131. Fenerbah\u00e7e&#8217;de Mourinho&#8217;nun \u00fc\u00e7l\u00fc sistemi ile \u015fu anda i\u015fler yoluna koydu.<\/p>\n<\/div>\n","protected":false},"excerpt":{"rendered":"<p>Fenerbah\u00e7e, \u00fc\u00e7l\u00fc savunmaya ge\u00e7tikten sonra istedi\u011fi sonu\u00e7lar\u0131 almay\u0131 ba\u015fard\u0131. Sar\u0131-lacivertliler, son 13 ma\u00e7ta yenilgi ya\u015famad\u0131.<\/p>\n","protected":false},"author":1,"featured_media":20479,"comment_status":"open","ping_status":"open","sticky":false,"template":"","format":"standard","meta":{"footnotes":""},"categories":[25],"tags":[115,2018],"class_list":["post-20478","post","type-post","status-publish","format-standard","has-post-thumbnail","hentry","category-futbol","tag-fenerbahce","tag-uclu"],"_links":{"self":[{"href":"https:\/\/haberbesiktas.tr\/index.php?rest_route=\/wp\/v2\/posts\/20478","targetHints":{"allow":["GET"]}}],"collection":[{"href":"https:\/\/haberbesiktas.tr\/index.php?rest_route=\/wp\/v2\/posts"}],"about":[{"href":"https:\/\/haberbesiktas.tr\/index.php?rest_route=\/wp\/v2\/types\/post"}],"author":[{"embeddable":true,"href":"https:\/\/haberbesiktas.tr\/index.php?rest_route=\/wp\/v2\/users\/1"}],"replies":[{"embeddable":true,"href":"https:\/\/haberbesiktas.tr\/index.php?rest_route=%2Fwp%2Fv2%2Fcomments&post=20478"}],"version-history":[{"count":1,"href":"https:\/\/haberbesiktas.tr\/index.php?rest_route=\/wp\/v2\/posts\/20478\/revisions"}],"predecessor-version":[{"id":20480,"href":"https:\/\/haberbesiktas.tr\/index.php?rest_route=\/wp\/v2\/posts\/20478\/revisions\/20480"}],"wp:featuredmedia":[{"embeddable":true,"href":"https:\/\/haberbesiktas.tr\/index.php?rest_route=\/wp\/v2\/media\/20479"}],"wp:attachment":[{"href":"https:\/\/haberbesiktas.tr\/index.php?rest_route=%2Fwp%2Fv2%2Fmedia&parent=20478"}],"wp:term":[{"taxonomy":"category","embeddable":true,"href":"https:\/\/haberbesiktas.tr\/index.php?rest_route=%2Fwp%2Fv2%2Fcategories&post=20478"},{"taxonomy":"post_tag","embeddable":true,"href":"https:\/\/haberbesiktas.tr\/index.php?rest_route=%2Fwp%2Fv2%2Ftags&post=20478"}],"curies":[{"name":"wp","href":"https:\/\/api.w.org\/{rel}","templated":true}]}}