{"id":20481,"date":"2025-04-17T07:24:06","date_gmt":"2025-04-17T07:24:06","guid":{"rendered":"https:\/\/haberbesiktas.tr\/?p=20481"},"modified":"2025-04-17T07:24:06","modified_gmt":"2025-04-17T07:24:06","slug":"iste-solskjaerin-yeni-transferler-icin-plani","status":"publish","type":"post","link":"https:\/\/haberbesiktas.tr\/?p=20481","title":{"rendered":"\u0130\u015fte Solskjaer&#8217;in yeni transferler i\u00e7in plan\u0131!"},"content":{"rendered":"<div>Be\u015fikta\u015f, ligde Trabzonspor galibiyetiyle birlikte r\u00fczgar\u0131 ard\u0131na ald\u0131 ve siyah-beyazl\u0131larda ta\u015flar yerine oturmaya ba\u015flad\u0131.<\/p>\n<p> Be\u015fikta\u015f Teknik Y\u00f6neticisi Ole Gunnar Solskjaer, devre ortas\u0131 transferleri Keny Arroyo ve Elan Ricardo&#8217;yu birinci 11&#8217;e monte etmeye haz\u0131rlan\u0131yor.<\/p>\n<p> Norve\u00e7li teknik adam, Arroyo&#8217;yu ligdeki Ey\u00fcpspor ma\u00e7\u0131nda birinci 11&#8217;de oynatmay\u0131 d\u00fc\u015f\u00fcn\u00fcyor.<\/p>\n<p> Solskjaer, ba\u015fka yeni transfer Elan Ricardo&#8217;yu ise daha ge\u00e7 kadroya monte edecek. 51 ya\u015f\u0131ndaki teknik adam, Elan Ricardo&#8217;yu ise kupadaki Antalyaspor ma\u00e7\u0131yla birlikte kullanmaya ba\u015flamak istiyor.<\/p>\n<\/div>\n","protected":false},"excerpt":{"rendered":"<p>Be\u015fikta\u015f Teknik Y\u00f6neticisi Ole Gunnar Solskjaer, yeni transferlerden Keny Arroyo&#8217;yu Ey\u00fcpspor ma\u00e7\u0131nda birinci 11&#8217;de oynatmay\u0131 planl\u0131yor. Norve\u00e7li teknik adam, kupadaki Antalyaspor ma\u00e7\u0131nda ise Arroyo ile birlikte Elan Ricardo&#8217;yu da 11&#8217;de kullanmay\u0131 d\u00fc\u015f\u00fcn\u00fcyor.<\/p>\n","protected":false},"author":1,"featured_media":20482,"comment_status":"open","ping_status":"open","sticky":false,"template":"","format":"standard","meta":{"footnotes":""},"categories":[25],"tags":[],"class_list":["post-20481","post","type-post","status-publish","format-standard","has-post-thumbnail","hentry","category-futbol"],"_links":{"self":[{"href":"https:\/\/haberbesiktas.tr\/index.php?rest_route=\/wp\/v2\/posts\/20481","targetHints":{"allow":["GET"]}}],"collection":[{"href":"https:\/\/haberbesiktas.tr\/index.php?rest_route=\/wp\/v2\/posts"}],"about":[{"href":"https:\/\/haberbesiktas.tr\/index.php?rest_route=\/wp\/v2\/types\/post"}],"author":[{"embeddable":true,"href":"https:\/\/haberbesiktas.tr\/index.php?rest_route=\/wp\/v2\/users\/1"}],"replies":[{"embeddable":true,"href":"https:\/\/haberbesiktas.tr\/index.php?rest_route=%2Fwp%2Fv2%2Fcomments&post=20481"}],"version-history":[{"count":1,"href":"https:\/\/haberbesiktas.tr\/index.php?rest_route=\/wp\/v2\/posts\/20481\/revisions"}],"predecessor-version":[{"id":20483,"href":"https:\/\/haberbesiktas.tr\/index.php?rest_route=\/wp\/v2\/posts\/20481\/revisions\/20483"}],"wp:featuredmedia":[{"embeddable":true,"href":"https:\/\/haberbesiktas.tr\/index.php?rest_route=\/wp\/v2\/media\/20482"}],"wp:attachment":[{"href":"https:\/\/haberbesiktas.tr\/index.php?rest_route=%2Fwp%2Fv2%2Fmedia&parent=20481"}],"wp:term":[{"taxonomy":"category","embeddable":true,"href":"https:\/\/haberbesiktas.tr\/index.php?rest_route=%2Fwp%2Fv2%2Fcategories&post=20481"},{"taxonomy":"post_tag","embeddable":true,"href":"https:\/\/haberbesiktas.tr\/index.php?rest_route=%2Fwp%2Fv2%2Ftags&post=20481"}],"curies":[{"name":"wp","href":"https:\/\/api.w.org\/{rel}","templated":true}]}}