{"id":20514,"date":"2025-04-17T09:36:06","date_gmt":"2025-04-17T09:36:06","guid":{"rendered":"https:\/\/haberbesiktas.tr\/?p=20514"},"modified":"2025-04-17T09:36:06","modified_gmt":"2025-04-17T09:36:06","slug":"goztepeden-kotu-gidise-son-istegi","status":"publish","type":"post","link":"https:\/\/haberbesiktas.tr\/?p=20514","title":{"rendered":"G\u00f6ztepe&#8217;den k\u00f6t\u00fc gidi\u015fe son iste\u011fi!"},"content":{"rendered":"<div>Avrupa kupalar\u0131n\u0131 hedefleyen G\u00f6ztepe, bay ge\u00e7ti\u011fi haftan\u0131n akabinde Kayserispor&#8217;la kritik bir ma\u00e7a \u00e7\u0131kacak. Ligde 3 ma\u00e7t\u0131r kazanamayan, G\u00f6z-G\u00f6z, d\u00fc\u015fme \u00e7izgisindeki rakibini yenerek, \u00e7\u0131k\u0131\u015fa ge\u00e7mek istiyor.<\/p>\n<p> San-k\u0131rm\u0131z\u0131l\u0131lar, kuvvetli ma\u00e7 \u00f6ncesi bug\u00fcn saat 15.00&#8217;te 2. Lig grubu Nazilli&#8217;yle G\u00fcrsel Aksel&#8217;de haz\u0131rl\u0131k ma\u00e7\u0131 oynayacak.<\/p>\n<p> <strong>JUAN&#8217;DAN \u00c2L\u00c2 HABER<\/strong><\/p>\n<p> Kayserispor ma\u00e7\u0131 haz\u0131rl\u0131klan\u0131n\u0131 s\u00fcrd\u00fcren \u0130zmir grubunda sakatl\u0131klar\u0131 bulunan golc\u00fcler Romulo ve Emersonn&#8217;un yan\u0131 s\u0131ra kart cezal\u0131s\u0131 stoper Heliton, kritik m\u00fcsabakada yok.<\/p>\n<p> Sakatl\u0131klardan \u00f6t\u00fcr\u00fc forvet \u00e7izgisinde b\u00fcy\u00fck dert ya\u015fayan G\u00f6z-G\u00f6z&#8217;e Uygun haber Brezilyal\u0131 golc\u00fcs\u00fc Juan&#8217;dan geldi. Tedavisi s\u00fcren sambac\u0131n\u0131n, ma\u00e7a yeti\u015fmesi bekleniyor.<\/p>\n<\/div>\n","protected":false},"excerpt":{"rendered":"<p>Haftay\u0131 bay ge\u00e7en, 3 ma\u00e7t\u0131r kazanamayan G\u00f6ztepe, Kayseri&#8217;de kazanarak makus gidi\u015fe &#8216;dur&#8217; demek istiyor<\/p>\n","protected":false},"author":1,"featured_media":20515,"comment_status":"open","ping_status":"open","sticky":false,"template":"","format":"standard","meta":{"footnotes":""},"categories":[25],"tags":[50],"class_list":["post-20514","post","type-post","status-publish","format-standard","has-post-thumbnail","hentry","category-futbol","tag-mac"],"_links":{"self":[{"href":"https:\/\/haberbesiktas.tr\/index.php?rest_route=\/wp\/v2\/posts\/20514","targetHints":{"allow":["GET"]}}],"collection":[{"href":"https:\/\/haberbesiktas.tr\/index.php?rest_route=\/wp\/v2\/posts"}],"about":[{"href":"https:\/\/haberbesiktas.tr\/index.php?rest_route=\/wp\/v2\/types\/post"}],"author":[{"embeddable":true,"href":"https:\/\/haberbesiktas.tr\/index.php?rest_route=\/wp\/v2\/users\/1"}],"replies":[{"embeddable":true,"href":"https:\/\/haberbesiktas.tr\/index.php?rest_route=%2Fwp%2Fv2%2Fcomments&post=20514"}],"version-history":[{"count":1,"href":"https:\/\/haberbesiktas.tr\/index.php?rest_route=\/wp\/v2\/posts\/20514\/revisions"}],"predecessor-version":[{"id":20516,"href":"https:\/\/haberbesiktas.tr\/index.php?rest_route=\/wp\/v2\/posts\/20514\/revisions\/20516"}],"wp:featuredmedia":[{"embeddable":true,"href":"https:\/\/haberbesiktas.tr\/index.php?rest_route=\/wp\/v2\/media\/20515"}],"wp:attachment":[{"href":"https:\/\/haberbesiktas.tr\/index.php?rest_route=%2Fwp%2Fv2%2Fmedia&parent=20514"}],"wp:term":[{"taxonomy":"category","embeddable":true,"href":"https:\/\/haberbesiktas.tr\/index.php?rest_route=%2Fwp%2Fv2%2Fcategories&post=20514"},{"taxonomy":"post_tag","embeddable":true,"href":"https:\/\/haberbesiktas.tr\/index.php?rest_route=%2Fwp%2Fv2%2Ftags&post=20514"}],"curies":[{"name":"wp","href":"https:\/\/api.w.org\/{rel}","templated":true}]}}