{"id":20517,"date":"2025-04-17T09:48:06","date_gmt":"2025-04-17T09:48:06","guid":{"rendered":"https:\/\/haberbesiktas.tr\/?p=20517"},"modified":"2025-04-17T09:48:06","modified_gmt":"2025-04-17T09:48:06","slug":"senol-gunes-besiktasa-calistigim-icin-mac-mi-satacagim","status":"publish","type":"post","link":"https:\/\/haberbesiktas.tr\/?p=20517","title":{"rendered":"\u015eenol G\u00fcne\u015f: &#8220;Be\u015fikta\u015f&#8217;a \u00e7al\u0131\u015ft\u0131\u011f\u0131m i\u00e7in ma\u00e7 m\u0131 sataca\u011f\u0131m!&#8221;"},"content":{"rendered":"<div>Trabzonspor Teknik Y\u00f6neticisi \u015eenol G\u00fcne\u015f, Be\u015fikta\u015f ma\u00e7\u0131n\u0131n akabinde U\u011furcan \u00c7ak\u0131r ile tart\u0131\u015ft\u0131\u011f\u0131 haberlerinin akabinde bas\u0131n toplant\u0131s\u0131 d\u00fczenliyor.<\/p>\n<p> <strong>CANLI AKTARIYORUZ<\/strong><br \/><strong><br \/><\/strong><\/p>\n<p> <strong>\u015eenol G\u00fcne\u015f:<\/strong> &#8220;Sonu\u00e7lar olumsuz oldu\u011fu i\u00e7in g\u00fc\u00e7 bir periyottan ge\u00e7iyoruz. Sevdas\u0131 b\u00fcy\u00fck olan\u0131n imtihan\u0131 b\u00fcy\u00fck olur.&#8221;<\/p>\n<p> <strong>\u015eenol G\u00fcne\u015f:<\/strong> &#8220;D\u00fcn oldu\u011fu \u00fczere bug\u00fcn de i\u015fimizi d\u00fczg\u00fcn, samimi halde yapmaya \u00e7al\u0131\u015f\u0131yoruz. Kendimizin, kul\u00fcb\u00fcn, toplulu\u011fun prestijini temsil ediyoruz. Vakit zaman sapla saman\u0131 kar\u0131\u015ft\u0131ran, palavra s\u00f6yleyen, i\u00e7i d\u0131\u015f\u0131 bir olmayan, iftira atan, dedikodu yapanlara da yan\u0131t vermek zorunday\u0131z. \u0130ster istemez bir alg\u0131 olu\u015fuyor.&#8221;<\/p>\n<p> <strong>\u015eenol G\u00fcne\u015f<\/strong>: &#8220;Allah, kalbinde k\u00f6t\u00fcl\u00fck olanlara m\u00fcsaade vermesin. Kolay be\u015ferler iftira atar, d\u00fcr\u00fcstler daima sabreder.&#8221;<\/p>\n<p> <strong>&#8220;PES ETMEK YOK, BU DURUMU A\u015eACA\u011eIZ&#8221;<\/strong><\/p>\n<p> <strong>\u015eenol G\u00fcne\u015f:<\/strong> &#8220;Umutlu oldu\u011fumuzu daima s\u00f6yledik fakat memnun oldu\u011fumuzu s\u00f6yleyemeyiz. As\u0131l i\u015fimiz hem kendimizi hem bu i\u015fi yapanlar\u0131 hem Trabzonspor&#8217;u sevenleri keyifli etmektir. Neyi nas\u0131l yapt\u0131\u011f\u0131m\u0131z\u0131 da biliyoruz. Sevgimizi kirletmeden, itimad\u0131m\u0131z\u0131 kaybetmeden yola devam edece\u011fiz. Zorluklar\u0131 a\u015facak yetenekli oyuncular\u0131m\u0131z var. Teslim olmak bu kadronun genlerinde yoktur. Yeni bir yap\u0131lanma oldu ister istemez, d\u00f6nem ba\u015f\u0131 13, ortada 4 oyuncu ald\u0131k. Yeni yap\u0131lanan tak\u0131mla, el ele vererek, \u00e7al\u0131\u015farak ba\u015far\u0131l\u0131 olaca\u011f\u0131z. S\u0131k\u0131nt\u0131l\u0131 oyuncumuz yok. Taraftar daima yan\u0131m\u0131zda oldu, onlar\u0131n istedi\u011fi sonu\u00e7lar\u0131 veremedik. Lider ve idare maddi manevi takviye oluyor ancak onlar\u0131n da beklentisine kar\u015f\u0131l\u0131k veremedik. Kaosumuz da yok. Bu ekibi yar\u0131\u015ft\u0131rmak, ba\u015far\u0131l\u0131 olmak gayemiz. Tak\u0131m\u0131m\u0131z\u0131 geni\u015flettik, kaliteyi y\u00fckselttik. Bu kadronun, taraftar\u0131n gurur duyaca\u011f\u0131 ekip olmas\u0131n\u0131 hedefliyoruz. Gaye Avrupa kupalar\u0131. Yar\u0131\u015fan ve ba\u015far\u0131l\u0131 bir Trabzonspor&#8217;dur maksat gelecek sene. Altyap\u0131dan da oyuncu \u00e7\u0131karmak zorunday\u0131z. Yeni sistem i\u00e7in haz\u0131rl\u0131k yap\u0131l\u0131yor. Tesisleri, tertibi olmayan, mahalle ortas\u0131ndan \u00e7\u0131kard\u0131\u011f\u0131m\u0131z oyuncularla ba\u015far\u0131l\u0131 bir Trabzonspor ortaya \u00e7\u0131kt\u0131. Tesisler daha sonra daha ho\u015f hale getirildi. Tertibi yapan, kul\u00fcb\u00fcn yap\u0131sal halini olu\u015fturan bir hale getirdi\u011fimiz vakit hem yeti\u015ftirece\u011fimiz hem d\u0131\u015far\u0131dan gelen oyuncular T\u00fcrkiye&#8217;de ve milletleraras\u0131 alanda ba\u015far\u0131l\u0131 bir ekip olaca\u011f\u0131z. Alanda olumlu sonu\u00e7lar olmay\u0131nca y\u0131k\u0131ma d\u00f6n\u00fc\u015febilir. Pes etmek yok, bu durumu a\u015faca\u011f\u0131z.&#8221;<\/p>\n<p><strong>\u015eenol G\u00fcne\u015f:<\/strong> &#8220;Son ma\u00e7la ilgili aksilikler vard\u0131. Bu hem oyuncu hem sonu\u00e7 olarak. Tart\u0131\u015fman\u0131n bu boyutunu h\u00fcrmetle kar\u015f\u0131lar\u0131m. Beklentiler, tercihler olur, tart\u0131\u015f\u0131l\u0131r. Bizim de oyun ba\u015f\u0131nda 10-15 dakika tatmin etmedi, berbat ba\u015flad\u0131k, daha sonra denetimi ald\u0131k, golden sonra daha da sakindik. Rakibin ba\u015ftaki 1-2 konumu vard\u0131, sonra durumu yoktu birinci yar\u0131da. Skor olarak birinci yar\u0131 sonucu, bizim i\u00e7in olumsuz de\u011fildi, 1-0&#8217;la bitirdik. \u0130kinci yar\u0131 daha yeterli olaca\u011f\u0131n\u0131 beklerken orta alanda top tutamad\u0131k, da\u011f\u0131n\u0131k kald\u0131k, rakibe uzak kald\u0131k, bu da 1-1&#8217;e getirdi. De\u011fi\u015fiklik esnas\u0131nda 2-1 oldu, oyuna daha olumlu d\u00f6nd\u00fck fakat sonucu alamad\u0131k. Sonucu alamay\u0131nca tart\u0131\u015fmalar ola\u011fan. Beklenen sonu\u00e7, Trabzonspor&#8217;un herkesi her yerde yenebilmesidir.&#8221;&#8221;<\/p>\n<p><strong>&#8220;DEPLASMAN FOB\u0130S\u0130 OLU\u015eTU&#8221;<\/strong><\/p>\n<p><strong>\u015eenol G\u00fcne\u015f:<\/strong> &#8220;Deplasman fobisi olu\u015ftu. 11 deplasman\u0131n 6&#8217;s\u0131nda yenilgi, \u00e7ok fazla, ola\u011fan de\u011fil. \u00c7ok kolay kaybettik ma\u00e7lar\u0131, bu son ma\u00e7 da dahil. Al\u0131rken zorlanarak al\u0131yoruz, kaybederken kolay kaybediyoruz.&#8221;<\/p>\n<p><strong>&#8220;K\u0130M OLURSA YAPARIM&#8221;<\/strong><\/p>\n<p><strong>\u015eenol G\u00fcne\u015f:<\/strong> &#8220;Ele\u015ftiriler geldi. Bir k\u0131sm\u0131, att\u0131\u011f\u0131m\u0131z gole sevinemedi\u011fim ile ilgili&#8230; Ben bir hocay\u0131m, 20 sene oyunculuk yapt\u0131m, 38 sene antren\u00f6rl\u00fck yapt\u0131m. Be\u015ferler nas\u0131l bir d\u00fcnyadaysa be\u015ferler, o denli bak\u0131yorlar. O denli bakmak istiyorlar herhalde, o denli g\u00f6r\u00fcyorlar. Benim tak\u0131laca\u011f\u0131m bir bahis de\u011fil. Kamuoyunda o denli bir alg\u0131 geli\u015fti ki, Be\u015fikta\u015f&#8217;ta \u00e7al\u0131\u015ft\u0131\u011f\u0131m i\u00e7in oradan vurgulan\u0131yor. K\u00fcf\u00fcrle ilgili de vurgu yap\u0131yorlar. Be\u015fikta\u015f&#8217;ta g\u00fczel g\u00fcnlerim oldu, orada da tenkitler oldu. Orada da Trabzonspor ma\u00e7lar\u0131nda buna benzeri telaffuzlar oldu. Ben a\u00e7\u0131k a\u00e7\u0131k s\u00f6yledim. Taraftar k\u00fcf\u00fcr ediyorsa benim taraftar\u0131m da olsa, \u00fcretimi da biliyorsunuz, bunu yanl\u0131\u015fs\u0131z bulmam, \u015fiddetle k\u0131nar\u0131m, kim olursa olsun.&#8221;<\/p>\n<p><strong>\u015eenol G\u00fcne\u015f:<\/strong> &#8220;(K\u00fcf\u00fcrle ilgili) Lider ve kul\u00fcp, gerekli kar\u015f\u0131l\u0131\u011f\u0131 \u00e7ok k\u0131sa fakat manal\u0131 ve b\u00fcy\u00fck bir formda verdi, &#8216;efendilik de bir tav\u0131rd\u0131r&#8217;. O kadar&#8230; Bizim bir yanl\u0131\u015f\u0131m\u0131z yok, ni\u00e7in bizim \u00fczerimizde kal\u0131yor.&#8221;<\/p>\n<p><strong>\u015eenol G\u00fcne\u015f:<\/strong> &#8220;Oyuncular\u0131ma hakemle, seyirciyle, rakiple i\u015finiz yok diyorum. Bu bahiste da ele\u015ftiriliyorum. \u00d6teki ekiplerin hocalar\u0131na bak\u0131n, hakemlere neler yap\u0131yorlar, hakemler a\u011f\u0131zlar\u0131n\u0131 a\u00e7m\u0131yorlar.&#8221;<\/p>\n<p><strong>HAKEMLER \u0130\u00c7\u0130N A\u00c7IKLAMA<\/strong><\/p>\n<p><strong>\u015eenol G\u00fcne\u015f:<\/strong> &#8220;3-4 sene bu t\u00fcrl\u00fc devam edecek hakemler, onlar\u0131 kendi hallerine b\u0131rakmak laz\u0131m.&#8221;<\/p>\n<p> <strong>&#8220;K\u00dcF\u00dcRLER\u0130N TAHL\u0130L\u0130 VAR&#8221;<\/strong><\/p>\n<p> <strong>\u015eenol G\u00fcne\u015f:<\/strong> &#8220;Seyircilerin k\u00fcf\u00fcrlerinin de tahlili var. K\u00fcfr\u00fc, hastal\u0131kl\u0131 insan kabul eder. Tahlil ar\u0131yorsak kolay\u0131 var, talimata bak\u0131n. Bir kar\u015f\u0131la\u015fmada, provokasyon yapmayan oyuncuya daima&#8230; Ben U\u011furcan&#8217;\u0131 tebrik ediyorum, hi\u00e7bir \u015fey yapmadan ma\u00e7\u0131 bitirdi. Oyun ba\u015f\u0131nda kale gerisi \u00f6n\u00fcnde bekledim. Orada bir sorun vard\u0131. T\u00fcm seyirci U\u011furcan&#8217;a bir \u015fey yap\u0131yormu\u015f \u00fczere, orada bir sorun vard\u0131. Ma\u00e7 boyunca devam etti. Ma\u00e7 boyunca m\u00fcdahale hakk\u0131m\u0131z yok fakat k\u0131nama hakk\u0131m\u0131z daima var. Be\u015fikta\u015f toplulu\u011fundan bana telefonla ula\u015fanlar oldu, \u00fczg\u00fcn olduklar\u0131n\u0131, \u00f6z\u00fcr dilediklerini s\u00f6ylediler. Bunu yapan k\u00fcme s\u0131hhatsizdir. Benim taraftar\u0131m da yapsa k\u0131nar\u0131m. Tahlil, TFF&#8217;nin para cezas\u0131 vermesi de de\u011fil. Irk\u00e7\u0131l\u0131k da ne yap\u0131yorsunuz, talimatta var. Ma\u00e7\u0131 tatil edebiliyorsunuz. K\u00fcfre para cezas\u0131 veriyorsunuz. Kul\u00fcpler para \u00f6d\u00fcyor. O taraftar sokakta da k\u00fcfrediyor. Futbol alanlar\u0131, ahlak bedellerinin yerleri olmal\u0131. Ahlaks\u0131zl\u0131\u011fa yer verenler di\u011ferleri. Susmak tahminen daha d\u00fczg\u00fcn. Biz ne s\u00f6yleyece\u011fi karde\u015fim, kolay\u0131 var. Hakeme birinci dakikadan son dakikaya k\u00fcf\u00fcr etsem ceza al\u0131r m\u0131y\u0131m, almaz m\u0131y\u0131m! Soruyorum TFF&#8217;ye. Yaln\u0131zca para cezas\u0131ysa oyun ba\u015f\u0131ndan itibaren birebir \u015feyi yapal\u0131m. De\u011filse ay\u0131psa berbatsa, hakem ma\u00e7\u0131 tatil etsin. Bakal\u0131m o taraftar bir daha k\u00fcfredebilir mi?&#8221;<\/p>\n<p><strong>\u015eenol G\u00fcne\u015f:<\/strong> &#8220;U\u011furcan yahut benim \u00fczerinden Trabzonsporlu de\u011fil misin, Trabzonsporlusun. Kul\u00fcp hakk\u0131n\u0131 savunuyor musun savunmuyor musun! Bu nedir ya! Ay\u0131p bir \u015fey ya! 58 y\u0131ld\u0131r futbolun i\u00e7indeyim. Yan bakt\u0131n, ne oldu, bu kolay ilkel.&#8221;<\/p>\n<p><strong>&#8220;BE\u015e\u0130KTA\u015e&#8217;A MI SATTIM!&#8221;<\/strong><\/p>\n<p><strong>\u015eenol G\u00fcne\u015f:<\/strong> &#8220;Be\u015fikta\u015f&#8217;ta \u00e7al\u0131\u015ft\u0131\u011f\u0131m i\u00e7in sevinmemi\u015fim. Be\u015fikta\u015f&#8217;a \u00e7al\u0131\u015ft\u0131\u011f\u0131m i\u00e7in ma\u00e7 m\u0131 sataca\u011f\u0131m! Ben Be\u015fikta\u015f&#8217;tayken Trabzonspor&#8217;a 3-0 kaybettim, Trabzonspor&#8217;a ma\u00e7\u0131 satt\u0131m! Benim bir duru\u015fum var. Benim Trabzonspor&#8217;daki yerim muhakkak.&#8221;<\/p>\n<p><strong>\u015eenol G\u00fcne\u015f:<\/strong> &#8220;Benim futbol adam\u0131 olarak \u00e7izgim muhakkak. Vakit zaman be\u015ferler anl\u0131k reaksiyon verebilir, yapmas\u0131nlar, so\u011fuk kanl\u0131 olsunlar. Bana, &#8216;Trabzonsporlulu\u011fundan ku\u015fku etmiyorum lakin&#8230;&#8217; diye yaz\u0131yor taraftar. Ku\u015fku s\u00f6z\u00fcn\u00fc kullanmak bile ger\u00e7ek de\u011fil. Trabzonspor&#8217;un en rakibine gitsem bile i\u015fimi yapar\u0131m. Ahlak bedeli budur. Trabzonspor&#8217;da daha da duygusal\u0131m, burada h\u00fcz\u00fcnler daha fazla oluyor.&#8221;<\/p>\n<p><strong>&#8220;U\u011eURCAN \u0130LE YARI\u015eIYORUZ&#8221;<\/strong><\/p>\n<p><strong>\u015eenol G\u00fcne\u015f:<\/strong> &#8220;U\u011furcan, bu ma\u00e7ta hi\u00e7bir \u015fey yapmad\u0131. T\u00fcm aksiliklere kar\u015f\u0131n dik durdu. Trabzonspor&#8217;u, ulusal grubu \u00e7ok d\u00fczg\u00fcn temsil etti.&#8221;<\/p>\n<p><strong>\u015eenol G\u00fcne\u015f:<\/strong> &#8220;U\u011furcan ile benim aramda sorun oldu\u011fu s\u00f6ylendi. Hakikat sorun var! Benden sonra ligde en fazla oynayan T\u00fcrk kaleci U\u011furcan&#8217;m\u0131\u015f. Onla yar\u0131\u015f\u0131yoruz. Mevzu bu kadar. Di\u011fer bir mevzu bulun bari. Ne \u00fczere sorun olabilir. En yak\u0131n oldu\u011fum bireylerden biri, \u00f6vg\u00fcm\u00fc de ele\u015ftirimi de yapar\u0131m.&#8221;<\/p>\n<p><strong>&#8220;SAKATLIKLARI VAR&#8221;<\/strong><\/p>\n<p><strong>\u015eenol G\u00fcne\u015f:<\/strong> &#8220;Dragu\u015f ve Toni sakat, bu hafta kat\u0131l\u0131rlar, \u00f6teki sakat\u0131m\u0131z yok. \u00d6n\u00fcm\u00fczdeki ma\u00e7larla yeni bir ivme kazanmak istiyoruz. Yapabilecek g\u00fcc\u00fcm\u00fcz var. D\u00f6rt tane transferimiz var, 6 oyuncu gitti, \u00fc\u00e7 de kiral\u0131k gitti.&#8221;<\/p>\n<p><strong>&#8220;KALEC\u0130 HAR\u0130\u00c7 23 OYUNCU VAR&#8221;<\/strong><\/p>\n<p><strong>\u015eenol G\u00fcne\u015f:<\/strong> &#8220;Trabzonspor&#8217;un kaleci hari\u00e7 23 oyuncusu var, daha evvel 28-29&#8217;du. Say\u0131sal fazlal\u0131k rekabeti ve ambiyans\u0131 bozuyordu. Bardhi, Denswil, Umut, Orsic ile daha evvel konu\u015fmu\u015ftuk. Onlara k\u00f6t\u00fcl\u00fck de\u011fil, planlamada olmad\u0131klar\u0131 i\u00e7in bir an \u00f6nce gitmeleri gerekti\u011fini s\u00f6yledik. Di\u011ferleri da olabilir. En d\u00fczg\u00fcn oyuncular bile gidebilir. Bunun rakamsal bedelleri, Trabzonspor b\u00fct\u00e7esini sarsmadan y\u00fcr\u00fctmek durumunday\u0131z. Verdikleri, ald\u0131klar\u0131nda 1-2 milyon eksiyle&#8230; Ke\u015fke transfer yaparken daha aza alsak da kar etsek.&#8221;<\/p>\n<p><strong>\u015eenol G\u00fcne\u015f:<\/strong> &#8220;Ald\u0131\u011f\u0131m\u0131z oyuncular, Trabzonspor i\u00e7in b\u00fcy\u00fck paralar fakat piyasaya bak\u0131nca \u00e7erez paralar\u0131yla al\u0131nd\u0131.&#8221;<\/p>\n<p><strong>&#8220;B\u0130RKA\u00c7 OYUNCUYU KA\u00c7IRDIK&#8221;<\/strong><\/p>\n<p><strong>\u015eenol G\u00fcne\u015f:<\/strong> &#8220;Eren&#8217;in son anda gitmesi, oraya alaca\u011f\u0131m\u0131z ve daha evvel bakt\u0131\u011f\u0131m\u0131z birka\u00e7 oyuncuyu ka\u00e7\u0131rd\u0131k. Bir tek stoper alternatifi vard\u0131, onu alamad\u0131k. Umut&#8217;un yerine oyuncu alamad\u0131k. Hamlede fazlal\u0131\u011f\u0131m\u0131z var, bir tane daha gidebilirdi, olmad\u0131. Say\u0131s\u0131 az, kalitesi daha fazla, iktisad\u0131n\u0131 \u00e7\u0131karaca\u011f\u0131m\u0131z bir tak\u0131m var.&#8221;<\/p>\n<\/div>\n","protected":false},"excerpt":{"rendered":"<p>Trabzonspor Teknik Y\u00f6neticisi \u015eenol G\u00fcne\u015f, a\u00e7\u0131klamalarda bulunuyor.<\/p>\n","protected":false},"author":1,"featured_media":20518,"comment_status":"open","ping_status":"open","sticky":false,"template":"","format":"standard","meta":{"footnotes":""},"categories":[25],"tags":[71,50,49,504,98],"class_list":["post-20517","post","type-post","status-publish","format-standard","has-post-thumbnail","hentry","category-futbol","tag-besiktas","tag-mac","tag-oyuncu","tag-taraftar","tag-trabzonspor"],"_links":{"self":[{"href":"https:\/\/haberbesiktas.tr\/index.php?rest_route=\/wp\/v2\/posts\/20517","targetHints":{"allow":["GET"]}}],"collection":[{"href":"https:\/\/haberbesiktas.tr\/index.php?rest_route=\/wp\/v2\/posts"}],"about":[{"href":"https:\/\/haberbesiktas.tr\/index.php?rest_route=\/wp\/v2\/types\/post"}],"author":[{"embeddable":true,"href":"https:\/\/haberbesiktas.tr\/index.php?rest_route=\/wp\/v2\/users\/1"}],"replies":[{"embeddable":true,"href":"https:\/\/haberbesiktas.tr\/index.php?rest_route=%2Fwp%2Fv2%2Fcomments&post=20517"}],"version-history":[{"count":1,"href":"https:\/\/haberbesiktas.tr\/index.php?rest_route=\/wp\/v2\/posts\/20517\/revisions"}],"predecessor-version":[{"id":20519,"href":"https:\/\/haberbesiktas.tr\/index.php?rest_route=\/wp\/v2\/posts\/20517\/revisions\/20519"}],"wp:featuredmedia":[{"embeddable":true,"href":"https:\/\/haberbesiktas.tr\/index.php?rest_route=\/wp\/v2\/media\/20518"}],"wp:attachment":[{"href":"https:\/\/haberbesiktas.tr\/index.php?rest_route=%2Fwp%2Fv2%2Fmedia&parent=20517"}],"wp:term":[{"taxonomy":"category","embeddable":true,"href":"https:\/\/haberbesiktas.tr\/index.php?rest_route=%2Fwp%2Fv2%2Fcategories&post=20517"},{"taxonomy":"post_tag","embeddable":true,"href":"https:\/\/haberbesiktas.tr\/index.php?rest_route=%2Fwp%2Fv2%2Ftags&post=20517"}],"curies":[{"name":"wp","href":"https:\/\/api.w.org\/{rel}","templated":true}]}}