{"id":2052,"date":"2025-01-08T22:18:43","date_gmt":"2025-01-08T22:18:43","guid":{"rendered":"https:\/\/haberbesiktas.tr\/?p=2052"},"modified":"2025-01-08T22:18:43","modified_gmt":"2025-01-08T22:18:43","slug":"goztepe-en-az-2-kontenjan-acacak","status":"publish","type":"post","link":"https:\/\/haberbesiktas.tr\/?p=2052","title":{"rendered":"G\u00f6ztepe, en az 2 kontenjan a\u00e7acak"},"content":{"rendered":"<div>Trendyol S\u00fcper Lig&#8217;de deplasmanda ba\u015fkan Galatasaray&#8217;a 2-1 kaybedip per\u015fembe g\u00fcn\u00fc ise Ziraat T\u00fcrkiye Kupas\u0131 B K\u00fcmesi birinci ma\u00e7\u0131nda Erzurumspor&#8217;a konuk olacak G\u00f6ztepe, yabanc\u0131 transferi i\u00e7in kontenjan\u0131n\u0131 azaltacak.<\/p>\n<p> 13 Ocak Pazartesi g\u00fcn\u00fc resmen ba\u015flayacak orta transfer devrinde en az 3 destek yapmay\u0131 planlayan sar\u0131-k\u0131rm\u0131z\u0131l\u0131lar\u0131n mevcut tak\u0131m\u0131nda 14 yabanc\u0131 futbolcu bulunurken, kurmaylar 3 oyuncunun mukavelesini ya ask\u0131ya alacak ya da sonland\u0131racak.<\/p>\n<p> \u00c7apraz ba\u011flar\u0131ndan sakatlan\u0131p ameliyat olan ve d\u00f6nemi kapatan orta saha Isaac Solet ile golc\u00fc Datro Fofana&#8217;dan bu d\u00f6nem yararlanamayacak olan G\u00f6ztepe&#8217;nin bu iki futbolcunun kontrat\u0131n\u0131 donduraca\u011f\u0131 kaydedildi.<\/p>\n<p> Solet ve Fofana&#8217;n\u0131n s\u00f6zle\u015fmelerini ask\u0131ya al\u0131p yeni yabanc\u0131 futbolcular i\u00e7in yer a\u00e7may\u0131 planlayan G\u00f6ztepe&#8217;de, Teknik Y\u00f6netici Stanimir Stoilov&#8217;un raporuna nazaran 1 oyuncuyla da yollar\u0131n ayr\u0131labilece\u011fi s\u00f6z edildi. Bilhassa forvet s\u0131n\u0131r\u0131na 2 transfer yapmas\u0131 mutlakla\u015fan G\u00f6ztepe&#8217;nin golc\u00fclerini yabanc\u0131dan yana tercih edece\u011fi bildirildi.<\/p>\n<p> <strong>G\u00f6ztepe&#8217;nin mevcut tak\u0131m\u0131ndaki yabanc\u0131 oyuncular ise \u015f\u00f6yle:<\/strong><\/p>\n<p> Mateusz Lis, Heliton, Djalma Silva, Malcom Bokele, Lasse Nielsen, David Tijanic, Anthony Dennis, Kuyru Matsuki, Victor Hugo, Novatus Miroshi, Isaac Solet, Romulo Cardoso, Juan Silva ve Datro Fofana.<\/p>\n<\/div>\n","protected":false},"excerpt":{"rendered":"<p>G\u00f6ztepe, yabanc\u0131 transferi i\u00e7in kontenjan\u0131n\u0131 en az 2 oyuncu azaltacak.<\/p>\n","protected":false},"author":1,"featured_media":2053,"comment_status":"open","ping_status":"open","sticky":false,"template":"","format":"standard","meta":{"footnotes":""},"categories":[25],"tags":[144],"class_list":["post-2052","post","type-post","status-publish","format-standard","has-post-thumbnail","hentry","category-futbol","tag-yabanci"],"_links":{"self":[{"href":"https:\/\/haberbesiktas.tr\/index.php?rest_route=\/wp\/v2\/posts\/2052","targetHints":{"allow":["GET"]}}],"collection":[{"href":"https:\/\/haberbesiktas.tr\/index.php?rest_route=\/wp\/v2\/posts"}],"about":[{"href":"https:\/\/haberbesiktas.tr\/index.php?rest_route=\/wp\/v2\/types\/post"}],"author":[{"embeddable":true,"href":"https:\/\/haberbesiktas.tr\/index.php?rest_route=\/wp\/v2\/users\/1"}],"replies":[{"embeddable":true,"href":"https:\/\/haberbesiktas.tr\/index.php?rest_route=%2Fwp%2Fv2%2Fcomments&post=2052"}],"version-history":[{"count":1,"href":"https:\/\/haberbesiktas.tr\/index.php?rest_route=\/wp\/v2\/posts\/2052\/revisions"}],"predecessor-version":[{"id":2054,"href":"https:\/\/haberbesiktas.tr\/index.php?rest_route=\/wp\/v2\/posts\/2052\/revisions\/2054"}],"wp:featuredmedia":[{"embeddable":true,"href":"https:\/\/haberbesiktas.tr\/index.php?rest_route=\/wp\/v2\/media\/2053"}],"wp:attachment":[{"href":"https:\/\/haberbesiktas.tr\/index.php?rest_route=%2Fwp%2Fv2%2Fmedia&parent=2052"}],"wp:term":[{"taxonomy":"category","embeddable":true,"href":"https:\/\/haberbesiktas.tr\/index.php?rest_route=%2Fwp%2Fv2%2Fcategories&post=2052"},{"taxonomy":"post_tag","embeddable":true,"href":"https:\/\/haberbesiktas.tr\/index.php?rest_route=%2Fwp%2Fv2%2Ftags&post=2052"}],"curies":[{"name":"wp","href":"https:\/\/api.w.org\/{rel}","templated":true}]}}