{"id":20520,"date":"2025-04-17T10:00:07","date_gmt":"2025-04-17T10:00:07","guid":{"rendered":"https:\/\/haberbesiktas.tr\/?p=20520"},"modified":"2025-04-17T10:00:07","modified_gmt":"2025-04-17T10:00:07","slug":"kalorifer-dairesinden-sampiyon-judocular-yetisiyor","status":"publish","type":"post","link":"https:\/\/haberbesiktas.tr\/?p=20520","title":{"rendered":"Kalorifer dairesinden \u015fampiyon judocular yeti\u015fiyor"},"content":{"rendered":"<p>Yunusemre il\u00e7esi Mare\u015fal Fevzi \u00c7akmak Mahallesi&#8217;nde judo antren\u00f6r\u00fc Mehmet G\u00fclten \u00f6nc\u00fcl\u00fc\u011f\u00fcnde bir k\u00fcme mahalleli, 5 y\u0131l evvel \u00e7ocuklar\u0131n bu spora kazand\u0131r\u0131lmas\u0131 i\u00e7in \u00e7al\u0131\u015fma ba\u015flatt\u0131.<\/p>\n<p> Manisa Vilayet Gen\u00e7lik ve Spor M\u00fcd\u00fcrl\u00fc\u011f\u00fc ve \u0130l Milli E\u011fitim M\u00fcd\u00fcrl\u00fc\u011f\u00fc ile yap\u0131lan g\u00f6r\u00fc\u015fmelerin akabinde Yasal Sultan S\u00fcleyman Ortaokulu&#8217;nun bodrum kat\u0131nda kullan\u0131lmayan eski kalorifer dairesi, idman salonuna d\u00f6n\u00fc\u015ft\u00fcr\u00fcld\u00fc.<\/p>\n<p> Burada antren\u00f6r Mehmet G\u00fclten ile \u00e7al\u0131\u015fmaya ba\u015flayan sportmenler ortas\u0131nda 2024&#8217;teki Paris Olimpiyatlar\u0131na kat\u0131lan ulusal judocu Fidan \u00d6gel&#8217;in yan\u0131 s\u0131ra ulusal ve milletleraras\u0131 dereceleri bulunan ulusal judocular Ayla Akkaya, Hira Par\u0131lt\u0131 Tur\u011fut, Eyl\u00fcl Elvan \u00d6rt, Medine Ulubay, \u00dcmmi \u015eifa Cengiz ve Adem G\u00fclten yer ald\u0131.<\/p>\n<p> Antren\u00f6r Mehmet G\u00fclten, AA muhabirine, b\u00fcy\u00fck u\u011fra\u015flar sonucu mahallelerine bu idman salonun kazand\u0131rman\u0131n memnunlu\u011funu ya\u015fad\u0131klar\u0131n\u0131 s\u00f6yledi.<\/p>\n<p> Atletlerin meskenlerine yak\u0131n bir salonda \u00e7al\u0131\u015fmas\u0131n\u0131n ehemmiyetine de\u011finen G\u00fclten, \u015funlar\u0131 kaydetti:<\/p>\n<p> <strong>&#8220;Kenar semtte bu sporun yap\u0131lmas\u0131 gerekti\u011fine inand\u0131\u011f\u0131m\u0131z i\u00e7in bu \u00e7al\u0131\u015fmalar\u0131 ba\u015flatt\u0131k. Buras\u0131 ola\u011fanda kazan dairesiydi. Okul m\u00fcd\u00fcr\u00fcm\u00fcz\u00fcn onay\u0131yla buray\u0131 judo salonuna \u00e7evirdik. Vilayet m\u00fcd\u00fcrl\u00fc\u011f\u00fcm\u00fcz\u00fcn buraya g\u00f6ndermi\u015f oldu\u011fu minderlerle ve bizim taleplerimiz do\u011frultusunda buradaki salonu mahallenin \u00e7ocuklar\u0131n\u0131n hizmetine a\u00e7t\u0131k. Hedefimiz bu \u00e7ocuklar\u0131n muvaffakiyetler elde etmesini, vatana millete iyi bir birey olmas\u0131n\u0131 ve birebir vakitte bayra\u011f\u0131m\u0131z\u0131 memleketler aras\u0131 arenada dalgaland\u0131rmas\u0131n\u0131 sa\u011flamak.&#8221;<\/strong><\/p>\n","protected":false},"excerpt":{"rendered":"<p>Manisa&#8217;da bir okulun eski kalorifer dairesinden d\u00f6n\u00fc\u015ft\u00fcr\u00fclen idman salonunda yeti\u015fen judocular, ulusal ve memleketler aras\u0131 turnuvalarda k\u0131ymetli ba\u015far\u0131lara imza at\u0131yor.<\/p>\n","protected":false},"author":1,"featured_media":20521,"comment_status":"open","ping_status":"open","sticky":false,"template":"","format":"standard","meta":{"footnotes":""},"categories":[27],"tags":[2019,65],"class_list":["post-20520","post","type-post","status-publish","format-standard","has-post-thumbnail","hentry","category-guncel-haberler","tag-gulten","tag-spor"],"_links":{"self":[{"href":"https:\/\/haberbesiktas.tr\/index.php?rest_route=\/wp\/v2\/posts\/20520","targetHints":{"allow":["GET"]}}],"collection":[{"href":"https:\/\/haberbesiktas.tr\/index.php?rest_route=\/wp\/v2\/posts"}],"about":[{"href":"https:\/\/haberbesiktas.tr\/index.php?rest_route=\/wp\/v2\/types\/post"}],"author":[{"embeddable":true,"href":"https:\/\/haberbesiktas.tr\/index.php?rest_route=\/wp\/v2\/users\/1"}],"replies":[{"embeddable":true,"href":"https:\/\/haberbesiktas.tr\/index.php?rest_route=%2Fwp%2Fv2%2Fcomments&post=20520"}],"version-history":[{"count":1,"href":"https:\/\/haberbesiktas.tr\/index.php?rest_route=\/wp\/v2\/posts\/20520\/revisions"}],"predecessor-version":[{"id":20522,"href":"https:\/\/haberbesiktas.tr\/index.php?rest_route=\/wp\/v2\/posts\/20520\/revisions\/20522"}],"wp:featuredmedia":[{"embeddable":true,"href":"https:\/\/haberbesiktas.tr\/index.php?rest_route=\/wp\/v2\/media\/20521"}],"wp:attachment":[{"href":"https:\/\/haberbesiktas.tr\/index.php?rest_route=%2Fwp%2Fv2%2Fmedia&parent=20520"}],"wp:term":[{"taxonomy":"category","embeddable":true,"href":"https:\/\/haberbesiktas.tr\/index.php?rest_route=%2Fwp%2Fv2%2Fcategories&post=20520"},{"taxonomy":"post_tag","embeddable":true,"href":"https:\/\/haberbesiktas.tr\/index.php?rest_route=%2Fwp%2Fv2%2Ftags&post=20520"}],"curies":[{"name":"wp","href":"https:\/\/api.w.org\/{rel}","templated":true}]}}