{"id":20526,"date":"2025-04-17T10:24:06","date_gmt":"2025-04-17T10:24:06","guid":{"rendered":"https:\/\/haberbesiktas.tr\/?p=20526"},"modified":"2025-04-17T10:24:06","modified_gmt":"2025-04-17T10:24:06","slug":"milli-boksor-elif-guneri-hedefim-dunya-sampiyonu-olmak","status":"publish","type":"post","link":"https:\/\/haberbesiktas.tr\/?p=20526","title":{"rendered":"Milli boks\u00f6r Elif G\u00fcneri: &#8220;Hedefim, d\u00fcnya \u015fampiyonu olmak&#8221;"},"content":{"rendered":"<p>Mesle\u011finde Avrupa \u015fampiyonlu\u011fu ile d\u00fcnya ikincili\u011fi ve \u00fc\u00e7\u00fcnc\u00fcl\u00fc\u011f\u00fc bulunan Karab\u00fckl\u00fc 37 ya\u015f\u0131ndaki ulusal boks\u00f6r Elif G\u00fcneri, S\u0131rbistan&#8217;da mart ay\u0131nda yap\u0131lacak D\u00fcnya \u015eampiyonas\u0131&#8217;na Kastamonu Kad\u0131da\u011f\u0131 Boks Kamp E\u011fitim Merkezi&#8217;nde haz\u0131rlan\u0131yor.<\/p>\n<p> G\u00fcnde \u00e7ift antrenmanla \u015fampiyonaya haz\u0131rlanan Elif, mesle\u011finin birinci d\u00fcnya \u015fampiyonlu\u011funa ula\u015fmak i\u00e7in a\u011f\u0131r efor sarf ediyor.<\/p>\n<p> Elif G\u00fcneri, AA muhabirine yapt\u0131\u011f\u0131 a\u00e7\u0131klamada, kamp\u0131n verimli ge\u00e7ti\u011fini belirtti.<\/p>\n<p> \u00c7al\u0131\u015fmalar\u0131n\u0131 a\u011f\u0131r bi\u00e7imde s\u00fcrd\u00fcrd\u00fc\u011f\u00fcn\u00fc lisana getiren Elif, <strong>&#8220;Tak\u0131m\u0131n en b\u00fcy\u00fc\u011f\u00fc benim, en tecr\u00fcbelilerinden biriyim. Burada hem ablal\u0131k hem kaptanl\u0131k yapmaya \u00e7al\u0131\u015f\u0131yorum. \u00c7ok ho\u015f bir ortam\u0131m\u0131z var. Birlik beraberlik i\u00e7inde \u00e7al\u0131\u015f\u0131yoruz.&#8221;<\/strong> dedi.<\/p>\n<p> Bayan Boks Ulusal Grubu&#8217;ndan \u00f6vg\u00fcyle bahseden Elif, \u015fampiyonaya disiplinli bir halde haz\u0131rland\u0131klar\u0131n\u0131 vurgulad\u0131.<\/p>\n<p><strong>&#8220;\u00dclkemizi en \u00e2l\u00e2 halde temsil edece\u011fimizi d\u00fc\u015f\u00fcn\u00fcyorum&#8221;<\/strong><\/p>\n<p> Mesle\u011fine d\u00fcnya \u015fampiyonlu\u011funu eklemek istedi\u011fini s\u00f6yleyen Elif, \u015funlar\u0131 kaydetti:<\/p>\n<p> <strong>&#8220;\u015eu anda \u00f6n\u00fcm\u00fczde D\u00fcnya \u015eampiyonas\u0131 var. Elimizden geldi\u011fince en yeterli formda haz\u0131rlanmaya \u00e7al\u0131\u015f\u0131yoruz. Kastamonu bizim meskenimiz. Buras\u0131 ortam olarak \u00e7al\u0131\u015fma manas\u0131nda \u00e7ok ho\u015f bir yer. Kadromuz \u00e7ok kaliteli. 2022&#8217;de d\u00fcnya \u015fampiyonu olmu\u015ftuk. Amac\u0131m\u0131z tekrar d\u00fcnya \u015fampiyonlu\u011fu. G\u00fczel bir halde haz\u0131rlan\u0131yoruz. \u00dclkemizi en uygun halde temsil edece\u011fimizi d\u00fc\u015f\u00fcn\u00fcyorum. \u00c7ok ho\u015f muvaffakiyetler alaca\u011f\u0131m\u0131z\u0131 d\u00fc\u015f\u00fcn\u00fcyorum. Ki\u015fisel olarak gayem da d\u00fcnya \u015fampiyonu olmak. D\u00fcnya \u015fampiyonu olup \u00fclkeme, ilime, v\u00fccut e\u011fitimi \u00f6\u011fretmeniyim \u00f6\u011frencilerime \u00e7ok ho\u015f bir ikram vermek istiyorum. Bunun i\u00e7in de var g\u00fcc\u00fcmle \u00e7al\u0131\u015f\u0131yorum. \u00dclkemizi en g\u00fczel bi\u00e7imde temsil edip bayra\u011f\u0131m\u0131z\u0131 dalgaland\u0131r\u0131p \u0130stiklal Mar\u015f\u0131&#8217;m\u0131z\u0131 okutmak istiyoruz.&#8221;<\/strong><\/p>\n<p> T\u00fcrk bayan boksunun son y\u0131llarda b\u00fcy\u00fck bir ivme kazand\u0131\u011f\u0131n\u0131 anlatan Elif, <strong>&#8220;8-10 y\u0131la bakt\u0131\u011f\u0131m\u0131zda \u00e7ok ho\u015f bir ivme kazand\u0131k. Grubumuzda d\u00fcnya \u015fampiyonu, olimpiyat \u015fampiyonu, olimpiyat ikincisi ve \u00fc\u00e7\u00fcnc\u00fcs\u00fc var. Bunlar bize her vakit yol \u00e7izmi\u015ftir, \u0131\u015f\u0131k tutmu\u015ftur. Bizler de arkada\u015flar\u0131m\u0131zla bir olup birbirimize s\u0131k\u0131ca sar\u0131larak d\u00fcnya \u015fampiyonu olmak istiyoruz. Daha evvelce Rus, K\u00fcba, ABD ekol\u00fcnden bahsediliyordu. \u015eu anda bayan boksu denildi\u011fi vakit ak\u0131llara tek bir ekol geliyor, o da T\u00fcrk bayan boksu. Biz de var g\u00fcc\u00fcm\u00fczle \u00e7al\u0131\u015f\u0131yoruz.&#8221;<\/strong> de\u011ferlendirmesinde bulundu.<\/p>\n","protected":false},"excerpt":{"rendered":"<p>Bayan Boks Ulusal Grubu&#8217;nun a\u011f\u0131r s\u0131kleti Elif G\u00fcneri, birinci d\u00fcnya \u015fampiyonlu\u011funa ula\u015fmak i\u00e7in yumruklar\u0131n\u0131 sall\u0131yor.<\/p>\n","protected":false},"author":1,"featured_media":20527,"comment_status":"open","ping_status":"open","sticky":false,"template":"","format":"standard","meta":{"footnotes":""},"categories":[27],"tags":[1562,156,2020,276],"class_list":["post-20526","post","type-post","status-publish","format-standard","has-post-thumbnail","hentry","category-guncel-haberler","tag-boks","tag-dunya","tag-dunya-sampiyonu","tag-elif"],"_links":{"self":[{"href":"https:\/\/haberbesiktas.tr\/index.php?rest_route=\/wp\/v2\/posts\/20526","targetHints":{"allow":["GET"]}}],"collection":[{"href":"https:\/\/haberbesiktas.tr\/index.php?rest_route=\/wp\/v2\/posts"}],"about":[{"href":"https:\/\/haberbesiktas.tr\/index.php?rest_route=\/wp\/v2\/types\/post"}],"author":[{"embeddable":true,"href":"https:\/\/haberbesiktas.tr\/index.php?rest_route=\/wp\/v2\/users\/1"}],"replies":[{"embeddable":true,"href":"https:\/\/haberbesiktas.tr\/index.php?rest_route=%2Fwp%2Fv2%2Fcomments&post=20526"}],"version-history":[{"count":1,"href":"https:\/\/haberbesiktas.tr\/index.php?rest_route=\/wp\/v2\/posts\/20526\/revisions"}],"predecessor-version":[{"id":20528,"href":"https:\/\/haberbesiktas.tr\/index.php?rest_route=\/wp\/v2\/posts\/20526\/revisions\/20528"}],"wp:featuredmedia":[{"embeddable":true,"href":"https:\/\/haberbesiktas.tr\/index.php?rest_route=\/wp\/v2\/media\/20527"}],"wp:attachment":[{"href":"https:\/\/haberbesiktas.tr\/index.php?rest_route=%2Fwp%2Fv2%2Fmedia&parent=20526"}],"wp:term":[{"taxonomy":"category","embeddable":true,"href":"https:\/\/haberbesiktas.tr\/index.php?rest_route=%2Fwp%2Fv2%2Fcategories&post=20526"},{"taxonomy":"post_tag","embeddable":true,"href":"https:\/\/haberbesiktas.tr\/index.php?rest_route=%2Fwp%2Fv2%2Ftags&post=20526"}],"curies":[{"name":"wp","href":"https:\/\/api.w.org\/{rel}","templated":true}]}}