{"id":20529,"date":"2025-04-17T10:36:07","date_gmt":"2025-04-17T10:36:07","guid":{"rendered":"https:\/\/haberbesiktas.tr\/?p=20529"},"modified":"2025-04-17T10:36:07","modified_gmt":"2025-04-17T10:36:07","slug":"fenerbahceye-bir-iyi-bir-kotu-haber","status":"publish","type":"post","link":"https:\/\/haberbesiktas.tr\/?p=20529","title":{"rendered":"Fenerbah\u00e7e&#8217;ye bir iyi, bir k\u00f6t\u00fc haber!"},"content":{"rendered":"<div>UEFA Avrupa Ligi son 16 play-off tipi r\u00f6van\u015f ma\u00e7\u0131nda Bel\u00e7ika tak\u0131m\u0131 Anderlecht&#8217;e konuk olacak Fenerbah\u00e7e, haz\u0131rl\u0131klar\u0131n\u0131 tamamlad\u0131.<\/p>\n<p> Samand\u0131ra Can Bartu Tesisleri&#8217;nde teknik y\u00f6netici Jose Mourinho idaresinde birinci 15 dakikas\u0131 bas\u0131na a\u00e7\u0131k bir halde ger\u00e7ekle\u015ftirilen idman, \u0131s\u0131nma ko\u015fular\u0131yla ba\u015flad\u0131. Pas \u00e7al\u0131\u015fmas\u0131yla devam eden egzersizin bas\u0131na kapal\u0131 k\u0131sm\u0131nda ise Anderlecht ma\u00e7\u0131n\u0131n taktiksel \u00e7al\u0131\u015fmas\u0131n\u0131n yap\u0131ld\u0131\u011f\u0131 aktar\u0131ld\u0131.<\/p>\n<p> <strong>Sar\u0131-lacivertlilerde Dominik Livakovic, sakatl\u0131\u011f\u0131n\u0131n akabinde idmanlara ba\u015flad\u0131. \u00c7a\u011flar S\u00f6y\u00fcnc\u00fc ve Alexander Djiku, ki\u015fisel olarak \u00e7al\u0131\u015fma yapt\u0131. \u0130smail Y\u00fcksek ile Diego Carlos sakatl\u0131\u011f\u0131, Allan Saint-Maximin de gribal enfeksiyon nedeniyle antrenmana kat\u0131lmad\u0131.<\/strong><\/p>\n<\/div>\n","protected":false},"excerpt":{"rendered":"<p>Fenerbah\u00e7e, Anderlecht ma\u00e7\u0131n\u0131n haz\u0131rl\u0131klar\u0131n\u0131 tamamlad\u0131. Sar\u0131-lacivertlilerde sakatl\u0131\u011f\u0131n\u0131 atlatan Dominik Livakovic, idmanlara ba\u015flad\u0131. Allan Saint-Maximin ise gribal enfeksiyon nedeniyle Anderlecht ma\u00e7\u0131 \u00f6ncesi son idmanda yer almad\u0131.<\/p>\n","protected":false},"author":1,"featured_media":20530,"comment_status":"open","ping_status":"open","sticky":false,"template":"","format":"standard","meta":{"footnotes":""},"categories":[25],"tags":[],"class_list":["post-20529","post","type-post","status-publish","format-standard","has-post-thumbnail","hentry","category-futbol"],"_links":{"self":[{"href":"https:\/\/haberbesiktas.tr\/index.php?rest_route=\/wp\/v2\/posts\/20529","targetHints":{"allow":["GET"]}}],"collection":[{"href":"https:\/\/haberbesiktas.tr\/index.php?rest_route=\/wp\/v2\/posts"}],"about":[{"href":"https:\/\/haberbesiktas.tr\/index.php?rest_route=\/wp\/v2\/types\/post"}],"author":[{"embeddable":true,"href":"https:\/\/haberbesiktas.tr\/index.php?rest_route=\/wp\/v2\/users\/1"}],"replies":[{"embeddable":true,"href":"https:\/\/haberbesiktas.tr\/index.php?rest_route=%2Fwp%2Fv2%2Fcomments&post=20529"}],"version-history":[{"count":1,"href":"https:\/\/haberbesiktas.tr\/index.php?rest_route=\/wp\/v2\/posts\/20529\/revisions"}],"predecessor-version":[{"id":20531,"href":"https:\/\/haberbesiktas.tr\/index.php?rest_route=\/wp\/v2\/posts\/20529\/revisions\/20531"}],"wp:featuredmedia":[{"embeddable":true,"href":"https:\/\/haberbesiktas.tr\/index.php?rest_route=\/wp\/v2\/media\/20530"}],"wp:attachment":[{"href":"https:\/\/haberbesiktas.tr\/index.php?rest_route=%2Fwp%2Fv2%2Fmedia&parent=20529"}],"wp:term":[{"taxonomy":"category","embeddable":true,"href":"https:\/\/haberbesiktas.tr\/index.php?rest_route=%2Fwp%2Fv2%2Fcategories&post=20529"},{"taxonomy":"post_tag","embeddable":true,"href":"https:\/\/haberbesiktas.tr\/index.php?rest_route=%2Fwp%2Fv2%2Ftags&post=20529"}],"curies":[{"name":"wp","href":"https:\/\/api.w.org\/{rel}","templated":true}]}}