{"id":20535,"date":"2025-04-17T11:00:07","date_gmt":"2025-04-17T11:00:07","guid":{"rendered":"https:\/\/haberbesiktas.tr\/?p=20535"},"modified":"2025-04-17T11:00:07","modified_gmt":"2025-04-17T11:00:07","slug":"yusuf-akcicek-icin-gozlemci-akini","status":"publish","type":"post","link":"https:\/\/haberbesiktas.tr\/?p=20535","title":{"rendered":"Yusuf Ak\u00e7i\u00e7ek i\u00e7in g\u00f6zlemci ak\u0131n\u0131!"},"content":{"rendered":"<div>Fenerbah\u00e7e formas\u0131 giyen Yusuf Ak\u00e7i\u00e7ek, Avrupa gruplar\u0131n\u0131n g\u00f6zlemcilerinin radar\u0131nda yer al\u0131yor.<\/p>\n<p> Avrupa&#8217;dan scoutlar, Anderlecht ile oynanan birinci ma\u00e7ta performans\u0131yla dikkat \u00e7eken 19 ya\u015f\u0131ndaki futbolcuyu Bel\u00e7ika&#8217;da oynanacak r\u00f6van\u015f m\u00fcsabakas\u0131nda yak\u0131ndan takip edecek.<\/p>\n<p> Fenerbah\u00e7e formas\u0131 alt\u0131nda bu d\u00f6nem 11 ma\u00e7ta m\u00fcddet bulan gen\u00e7 futbolcu, 1 gol att\u0131 ve 1 asist yapt\u0131.<\/p>\n<\/div>\n","protected":false},"excerpt":{"rendered":"<p>Fenerbah\u00e7e&#8217;nin gen\u00e7 stoperi Yusuf Ak\u00e7i\u00e7ek, Anderlecht ma\u00e7\u0131nda Avrupal\u0131 g\u00f6zlemciler taraf\u0131ndan yak\u0131ndan takip edilecek.<\/p>\n","protected":false},"author":1,"featured_media":20536,"comment_status":"open","ping_status":"open","sticky":false,"template":"","format":"standard","meta":{"footnotes":""},"categories":[25],"tags":[],"class_list":["post-20535","post","type-post","status-publish","format-standard","has-post-thumbnail","hentry","category-futbol"],"_links":{"self":[{"href":"https:\/\/haberbesiktas.tr\/index.php?rest_route=\/wp\/v2\/posts\/20535","targetHints":{"allow":["GET"]}}],"collection":[{"href":"https:\/\/haberbesiktas.tr\/index.php?rest_route=\/wp\/v2\/posts"}],"about":[{"href":"https:\/\/haberbesiktas.tr\/index.php?rest_route=\/wp\/v2\/types\/post"}],"author":[{"embeddable":true,"href":"https:\/\/haberbesiktas.tr\/index.php?rest_route=\/wp\/v2\/users\/1"}],"replies":[{"embeddable":true,"href":"https:\/\/haberbesiktas.tr\/index.php?rest_route=%2Fwp%2Fv2%2Fcomments&post=20535"}],"version-history":[{"count":1,"href":"https:\/\/haberbesiktas.tr\/index.php?rest_route=\/wp\/v2\/posts\/20535\/revisions"}],"predecessor-version":[{"id":20537,"href":"https:\/\/haberbesiktas.tr\/index.php?rest_route=\/wp\/v2\/posts\/20535\/revisions\/20537"}],"wp:featuredmedia":[{"embeddable":true,"href":"https:\/\/haberbesiktas.tr\/index.php?rest_route=\/wp\/v2\/media\/20536"}],"wp:attachment":[{"href":"https:\/\/haberbesiktas.tr\/index.php?rest_route=%2Fwp%2Fv2%2Fmedia&parent=20535"}],"wp:term":[{"taxonomy":"category","embeddable":true,"href":"https:\/\/haberbesiktas.tr\/index.php?rest_route=%2Fwp%2Fv2%2Fcategories&post=20535"},{"taxonomy":"post_tag","embeddable":true,"href":"https:\/\/haberbesiktas.tr\/index.php?rest_route=%2Fwp%2Fv2%2Ftags&post=20535"}],"curies":[{"name":"wp","href":"https:\/\/api.w.org\/{rel}","templated":true}]}}