{"id":20568,"date":"2025-04-17T13:12:07","date_gmt":"2025-04-17T13:12:07","guid":{"rendered":"https:\/\/haberbesiktas.tr\/?p=20568"},"modified":"2025-04-17T13:12:07","modified_gmt":"2025-04-17T13:12:07","slug":"a-milli-kadin-futbol-takiminin-hedefi-a-ligine-yukselmek","status":"publish","type":"post","link":"https:\/\/haberbesiktas.tr\/?p=20568","title":{"rendered":"A Milli Kad\u0131n Futbol Tak\u0131m\u0131&#8217;n\u0131n hedefi, A Ligi&#8217;ne y\u00fckselmek"},"content":{"rendered":"<div>Uluslar B Ligi&#8217;nde gayret edecek ay-y\u0131ld\u0131zl\u0131 grup, 2. K\u00fcme&#8217;deki birinci hafta ma\u00e7\u0131nda 21 \u015eubat Cuma g\u00fcn\u00fc deplasmanda \u0130rlanda Cumhuriyeti ile kar\u015f\u0131la\u015facak. Ulusallar, 25 \u015eubat Sal\u0131 g\u00fcn\u00fc ise ikinci hafta gayretinde Pendik Stad\u0131&#8217;nda Yunanistan&#8217;\u0131 konuk edecek.<\/p>\n<p> Riva&#8217;daki Hasan Do\u011fan Ulusal Gruplar Kamp ve E\u011fitim Tesisleri&#8217;nde kampta bulunan ulusal kadronun oyuncular\u0131 Ebru ile Dilek, AA muhabirine a\u00e7\u0131klamada bulundu.<\/p>\n<p> UEFA Bayanlar Uluslar B Ligi&#8217;ne \u0130rlanda Cumhuriyeti ma\u00e7\u0131yla ba\u015flayacaklar\u0131n\u0131 aktaran Ebru Top\u00e7u, <strong>&#8220;\u0130lk ma\u00e7\u0131m\u0131z\u0131 \u0130rlanda Cumhuriyeti ile oynayaca\u011f\u0131z. S\u0131k\u0131nt\u0131 bir k\u00fcmede yer al\u0131yoruz. \u0130rlanda&#8217;n\u0131n yan\u0131 s\u0131ra Yunanistan ve Slovenya var. \u015eu anda birinci haftadaki \u0130rlanda Cumhuriyeti ma\u00e7\u0131na odakland\u0131k. Tahlillerimizi yap\u0131yoruz. Hem ki\u015fisel hem de ekip olarak \u00e7ok \u00e7al\u0131\u015f\u0131yoruz. T\u00fcm arkada\u015flar\u0131ma g\u00fcveniyorum. Elimizden geleni yaparak A Ligi&#8217;ne y\u00fckselmeyi hedefliyoruz.&#8221;<\/strong> diye konu\u015ftu.<\/p>\n<p> Ge\u00e7en sene 2025 Avrupa \u015eampiyonas\u0131 elemelerinde play-off oynama ba\u015far\u0131s\u0131 g\u00f6sterdiklerini aktaran ulusal futbolcu, <strong>&#8220;\u015eanss\u0131z bir bi\u00e7imde elenmi\u015ftik. Ukrayna&#8217;dan daha d\u00fczg\u00fcn bir ekiptik. Art\u0131k \u00f6n\u00fcm\u00fczde \u0130rlanda Cumhuriyeti ma\u00e7\u0131 var. Bu m\u00fcsabaka k\u00fcmedeki \u00f6b\u00fcr ma\u00e7lara nazaran daha g\u00fc\u00e7l\u00fc ge\u00e7ebilir. K\u00fcmedeki en di\u015fli rakibimiz onlar. Amac\u0131m\u0131z Uluslar A Ligi&#8217;ne \u00e7\u0131kmak.&#8221;<\/strong> tabirlerini kulland\u0131.<\/p>\n<p> Ebru, bayan futbolunda ya\u015fanan geli\u015fimi k\u0131ymetlendirerek, <strong>&#8220;UEFA Uluslar C Ligi&#8217;nde 6&#8217;da 6 yaparak y\u00fckseldik. Bu \u00fclkemiz i\u00e7in \u00e7ok b\u00fcy\u00fck bir ba\u015far\u0131yd\u0131. Galatasaray&#8217;da ise UEFA Bayanlar \u015eampiyonlar Ligi&#8217;nde son 16 cinsine kald\u0131k. Bu da bizim i\u00e7in \u00e7ok de\u011ferli bir ba\u015far\u0131yd\u0131. Bayan futbolu her ge\u00e7en g\u00fcn geli\u015fiyor.&#8221;<\/strong> halinde g\u00f6r\u00fc\u015f belirtti.<\/p>\n<p>Arzu: <strong>&#8220;\u0130rlanda&#8217;dan galibiyetle d\u00f6nmeyi hedefliyoruz&#8221;<\/strong><\/p>\n<p> \u0130stek Karabulut ise \u0130rlanda Cumhuriyeti&#8217;nden galibiyetle d\u00f6nerek k\u00fcmeye uygun bir ba\u015flang\u0131\u00e7 yapmay\u0131 hedeflediklerini aktard\u0131.<\/p>\n<p> Kamp ortam\u0131n\u0131n ho\u015f oldu\u011funu aktaran Dilek, <strong>&#8220;Tak\u0131m i\u00e7indeki atmosfer \u00e7ok yeterli. \u0130rlanda Cumhuriyeti ma\u00e7\u0131na odakland\u0131k. Tahlillerimizi yap\u0131yoruz. \u0130rlanda&#8217;da \u00e2l\u00e2 bir performans sergileyip galibiyetle d\u00f6nmeyi hedefliyoruz. Sonras\u0131nda da \u0130stanbul&#8217;da Yunanistan ile kar\u015f\u0131la\u015faca\u011f\u0131z.&#8221;<\/strong> dedi.<\/p>\n<p> \u0130rlanda Cumhuriyeti&#8217;nin de\u011ferli bir kadro oldu\u011funa de\u011finen \u0130stek, <strong>&#8220;\u0130rlanda \u00e7ok deneyimli bir grup. A Ligi&#8217;nden d\u00fc\u015ft\u00fcler. \u00d6teki kadrolar da \u00e7ok d\u00fczg\u00fcn. Onlar\u0131 da hafife almamak laz\u0131m. Lakin \u0130rlanda Cumhuriyeti, Fransa, \u0130ngiltere \u00fczere d\u00fcnya \u00e7ap\u0131nda kadrolara kar\u015f\u0131 \u00e7aba etti. Bu t\u00fcrl\u00fc rakiplerle kar\u015f\u0131la\u015farak deneyim kazanabiliriz. Ne kadar g\u00fc\u00e7l\u00fc rakiplerle kar\u015f\u0131la\u015f\u0131rsak denk kadrolara kar\u015f\u0131 ma\u00e7lar\u0131m\u0131z rahat ge\u00e7iyor.&#8221;<\/strong> de\u011ferlendirmesinde bulundu.<\/p>\n<p> T\u00fcrkiye&#8217;de bayan futbolunun ya\u015fad\u0131\u011f\u0131 geli\u015fimin k\u0131ymetli oldu\u011funu vurgulayan Dilek Karabulut,<strong> &#8220;Kad\u0131n futboluna b\u00fcy\u00fck topluluklar\u0131n kat\u0131lmas\u0131yla ligimize kalite geldi. Trabzonspor, Be\u015fikta\u015f, Fenerbah\u00e7e ve Galatasaray&#8217;\u0131n lige kat\u0131lmas\u0131 uygun oldu. Bu da ulusal ekibe yans\u0131d\u0131. Ligimizin kalitesi artt\u0131k\u00e7a ulusal grubun kalitesi de artt\u0131. \u0130n\u015fallah bu t\u00fcrl\u00fc devam eder.&#8221;<\/strong> diye konu\u015ftu.<\/p>\n<p> \u0130stek, formas\u0131n\u0131 giydi\u011fi Galatasaray Petrol Ofisi&#8217;nin T\u00fcrk futbol tarihinde birinci sefer kat\u0131ld\u0131\u011f\u0131 UEFA Bayanlar \u015eampiyonlar Ligi&#8217;nde son 16 \u00e7e\u015fidine y\u00fckseldi\u011fini hat\u0131rlatarak \u015funlar\u0131 kaydetti:<\/p>\n<p> <strong>&#8220;\u0130lk sefer u\u011fra\u015f etti\u011fimiz UEFA \u015eampiyonlar Ligi&#8217;nde son 16 \u00e7e\u015fidine kald\u0131k. \u00c7ok s\u0131k\u0131nt\u0131 bir \u00e7aba verdik. Son 16 grubun 15&#8217;i profesyonel, yaln\u0131zca Galatasaray amat\u00f6r ekip stat\u00fcs\u00fcnde. Bizim i\u00e7in \u00e7ok s\u0131k\u0131nt\u0131 bir s\u00fcre\u00e7ti. Lakin biz b\u00fcy\u00fck bir deneyim kazanarak \u00fclkemize d\u00f6nd\u00fc. Bizim ba\u015far\u0131m\u0131z ligimizdeki rekabeti de art\u0131rd\u0131. Herkes \u015fampiyon olmak, \u015eampiyonlar Ligi&#8217;ne gitmek istiyor. Herkes Galatasaray ile elde etti\u011fimiz ba\u015far\u0131y\u0131 yakalamaya \u00e7al\u0131\u015facak. Ligde kimin \u015fampiyon olaca\u011f\u0131 belli de\u011fil. Lig hala ortada. Rekabet ve kalitemiz artt\u0131.&#8221;<\/strong><\/p>\n<\/div>\n","protected":false},"excerpt":{"rendered":"<p>A Ulusal Bayan Futbol Grubu&#8217;nun deneyimli oyuncular\u0131 Ebru Top\u00e7u ve \u0130stek Karabulut, UEFA Bayanlar Uluslar B Ligi birinci haftas\u0131ndaki \u0130rlanda Cumhuriyeti ma\u00e7\u0131na odakland\u0131klar\u0131n\u0131 s\u00f6yledi.<\/p>\n","protected":false},"author":1,"featured_media":20569,"comment_status":"open","ping_status":"open","sticky":false,"template":"","format":"standard","meta":{"footnotes":""},"categories":[25],"tags":[2027,2026,246,51,52],"class_list":["post-20568","post","type-post","status-publish","format-standard","has-post-thumbnail","hentry","category-futbol","tag-arzu","tag-irlanda-cumhuriyeti","tag-kadin","tag-lig","tag-takim"],"_links":{"self":[{"href":"https:\/\/haberbesiktas.tr\/index.php?rest_route=\/wp\/v2\/posts\/20568","targetHints":{"allow":["GET"]}}],"collection":[{"href":"https:\/\/haberbesiktas.tr\/index.php?rest_route=\/wp\/v2\/posts"}],"about":[{"href":"https:\/\/haberbesiktas.tr\/index.php?rest_route=\/wp\/v2\/types\/post"}],"author":[{"embeddable":true,"href":"https:\/\/haberbesiktas.tr\/index.php?rest_route=\/wp\/v2\/users\/1"}],"replies":[{"embeddable":true,"href":"https:\/\/haberbesiktas.tr\/index.php?rest_route=%2Fwp%2Fv2%2Fcomments&post=20568"}],"version-history":[{"count":1,"href":"https:\/\/haberbesiktas.tr\/index.php?rest_route=\/wp\/v2\/posts\/20568\/revisions"}],"predecessor-version":[{"id":20570,"href":"https:\/\/haberbesiktas.tr\/index.php?rest_route=\/wp\/v2\/posts\/20568\/revisions\/20570"}],"wp:featuredmedia":[{"embeddable":true,"href":"https:\/\/haberbesiktas.tr\/index.php?rest_route=\/wp\/v2\/media\/20569"}],"wp:attachment":[{"href":"https:\/\/haberbesiktas.tr\/index.php?rest_route=%2Fwp%2Fv2%2Fmedia&parent=20568"}],"wp:term":[{"taxonomy":"category","embeddable":true,"href":"https:\/\/haberbesiktas.tr\/index.php?rest_route=%2Fwp%2Fv2%2Fcategories&post=20568"},{"taxonomy":"post_tag","embeddable":true,"href":"https:\/\/haberbesiktas.tr\/index.php?rest_route=%2Fwp%2Fv2%2Ftags&post=20568"}],"curies":[{"name":"wp","href":"https:\/\/api.w.org\/{rel}","templated":true}]}}