{"id":20574,"date":"2025-04-17T13:36:08","date_gmt":"2025-04-17T13:36:08","guid":{"rendered":"https:\/\/haberbesiktas.tr\/?p=20574"},"modified":"2025-04-17T13:36:08","modified_gmt":"2025-04-17T13:36:08","slug":"jose-mourinhodan-anderlecht-macina-surpriz-kadro","status":"publish","type":"post","link":"https:\/\/haberbesiktas.tr\/?p=20574","title":{"rendered":"Jose Mourinho&#8217;dan Anderlecht ma\u00e7\u0131na s\u00fcrpriz kadro"},"content":{"rendered":"<div>Fenerbah\u00e7e, UEFA Avrupa Ligi Play-Off Tipi birinci ma\u00e7\u0131nda alan\u0131nda a\u011f\u0131rlad\u0131\u011f\u0131 Anderlecht&#8217;i 3-0 ma\u011flup etti. Bu ma\u00e7\u0131n r\u00f6van\u015f\u0131 ise per\u015fembe g\u00fcn\u00fc Bel\u00e7ika grubunun konut sahipli\u011finde oynanacak. <\/p>\n<p>Sar\u0131-lacivertli grubun teknik y\u00f6neticisi Jose Mourinho, birinci ma\u00e7ta al\u0131nan avantajl\u0131 sonucun akabinde r\u00f6van\u015f ma\u00e7\u0131na rotasyonlu bir tak\u0131mla \u00e7\u0131kmay\u0131 planl\u0131yor. Portekizli teknik adam, Fred, Edin Dzeko, Youssef En Nesyri ve Dusan Tadic \u00fczere isimleri Galatasaray ile oynanacak derbi \u00f6ncesi dinlendirecek. <\/p>\n<p>Son ma\u00e7larda mecbur\u00ee olarak stoper b\u00f6lgesinde oynat\u0131lan Sofyan Amrabat&#8217;\u0131n da bu ma\u00e7ta riske edilmemesi y\u00fcksek ihtimal olarak g\u00f6r\u00fcl\u00fcyor. Ligde son oynanan ma\u00e7ta birinci 11&#8217;de yer alan O\u011fuz Ayd\u0131n ve Levent Mercan ise UEFA listesinde yer almad\u0131klar\u0131 i\u00e7in forma giyemeyecek. <\/p>\n<p>Jose Mourinho, Filip Kostic&#8217;i birinci 11&#8217;de alana s\u00fcrmeyi d\u00fc\u015f\u00fcn\u00fcrken; Allan Saint Maximin ve Anderson Talisca ikilisi ortas\u0131nda bir se\u00e7im yapacak lakin bug\u00fcnk\u00fc idmana gribal enfeksiyon nedeniyle kat\u0131lamayan Maximin&#8217;in yeniden yedek soyunmas\u0131 bekleniyor. Ligde kart cezal\u0131s\u0131 oldu\u011fu i\u00e7in Kas\u0131mpa\u015fa ma\u00e7\u0131nda oynayamayan Sebastian Szymanski ise birinci 11&#8217;deki yerine d\u00f6necek.<\/p>\n<p> Sar\u0131-lacivertli grubun olas\u0131 11&#8217;i \u015fu bi\u00e7imde:<\/p>\n<p> &#8220;\u0130rfan Can E\u011fribayat, Mert M\u00fcld\u00fcr (Amrabat), Skriniar, Yusuf Ak\u00e7i\u00e7ek, Osayi Samuel, Mert Hakan Yanda\u015f, Szymanski, Kostic, \u0130rfan Can Kahveci, Talisca (Maximin), Cenk Tosun&#8221;<\/p>\n<\/div>\n","protected":false},"excerpt":{"rendered":"<p>Fenerbah\u00e7e Teknik Y\u00f6neticisi Jose Mourinho, UEFA Avrupa Ligi Play-Off Tipi r\u00f6van\u015f ma\u00e7\u0131nda Anderlecht ile oynayacaklar\u0131 ma\u00e7a s\u00fcrpriz bir tak\u0131mla \u00e7\u0131kmaya haz\u0131rlan\u0131yor.<\/p>\n","protected":false},"author":1,"featured_media":20575,"comment_status":"open","ping_status":"open","sticky":false,"template":"","format":"standard","meta":{"footnotes":""},"categories":[25],"tags":[],"class_list":["post-20574","post","type-post","status-publish","format-standard","has-post-thumbnail","hentry","category-futbol"],"_links":{"self":[{"href":"https:\/\/haberbesiktas.tr\/index.php?rest_route=\/wp\/v2\/posts\/20574","targetHints":{"allow":["GET"]}}],"collection":[{"href":"https:\/\/haberbesiktas.tr\/index.php?rest_route=\/wp\/v2\/posts"}],"about":[{"href":"https:\/\/haberbesiktas.tr\/index.php?rest_route=\/wp\/v2\/types\/post"}],"author":[{"embeddable":true,"href":"https:\/\/haberbesiktas.tr\/index.php?rest_route=\/wp\/v2\/users\/1"}],"replies":[{"embeddable":true,"href":"https:\/\/haberbesiktas.tr\/index.php?rest_route=%2Fwp%2Fv2%2Fcomments&post=20574"}],"version-history":[{"count":1,"href":"https:\/\/haberbesiktas.tr\/index.php?rest_route=\/wp\/v2\/posts\/20574\/revisions"}],"predecessor-version":[{"id":20576,"href":"https:\/\/haberbesiktas.tr\/index.php?rest_route=\/wp\/v2\/posts\/20574\/revisions\/20576"}],"wp:featuredmedia":[{"embeddable":true,"href":"https:\/\/haberbesiktas.tr\/index.php?rest_route=\/wp\/v2\/media\/20575"}],"wp:attachment":[{"href":"https:\/\/haberbesiktas.tr\/index.php?rest_route=%2Fwp%2Fv2%2Fmedia&parent=20574"}],"wp:term":[{"taxonomy":"category","embeddable":true,"href":"https:\/\/haberbesiktas.tr\/index.php?rest_route=%2Fwp%2Fv2%2Fcategories&post=20574"},{"taxonomy":"post_tag","embeddable":true,"href":"https:\/\/haberbesiktas.tr\/index.php?rest_route=%2Fwp%2Fv2%2Ftags&post=20574"}],"curies":[{"name":"wp","href":"https:\/\/api.w.org\/{rel}","templated":true}]}}