{"id":20577,"date":"2025-04-17T13:48:06","date_gmt":"2025-04-17T13:48:06","guid":{"rendered":"https:\/\/haberbesiktas.tr\/?p=20577"},"modified":"2025-04-17T13:48:06","modified_gmt":"2025-04-17T13:48:06","slug":"kasper-dolberg-fenerbahce-macinda-yok","status":"publish","type":"post","link":"https:\/\/haberbesiktas.tr\/?p=20577","title":{"rendered":"Kasper Dolberg, Fenerbah\u00e7e ma\u00e7\u0131nda yok!"},"content":{"rendered":"<div>UEFA Avrupa Ligi&#8217;nde alan\u0131nda Fenerbah\u00e7e ile kar\u015f\u0131la\u015facak Anderlecht&#8217;te Kasper Dolberg, bu ma\u00e7ta forma giyemeyecek.<\/p>\n<p> Dolberg, sakatl\u0131\u011f\u0131 nedeniyle Fenerbah\u00e7e ma\u00e7\u0131 \u00f6ncesi yap\u0131lan son idmanda yer almad\u0131. Danimarkal\u0131 futbolcu, Fenerbah\u00e7e ma\u00e7\u0131nda forma giyemeyecek.<\/p>\n<p> 27 ya\u015f\u0131ndaki Dolberg, bu d\u00f6nem Anderlecht&#8217;te 35 ma\u00e7ta 20 gol att\u0131 ve 2 asist yapt\u0131.<\/p>\n<\/div>\n","protected":false},"excerpt":{"rendered":"<p>Anderlecht formas\u0131 giyen Kasper Dolberg, sakatl\u0131\u011f\u0131 nedeniyle Fenerbah\u00e7e ma\u00e7\u0131nda forma giyemeyecek.<\/p>\n","protected":false},"author":1,"featured_media":20578,"comment_status":"open","ping_status":"open","sticky":false,"template":"","format":"standard","meta":{"footnotes":""},"categories":[25],"tags":[],"class_list":["post-20577","post","type-post","status-publish","format-standard","has-post-thumbnail","hentry","category-futbol"],"_links":{"self":[{"href":"https:\/\/haberbesiktas.tr\/index.php?rest_route=\/wp\/v2\/posts\/20577","targetHints":{"allow":["GET"]}}],"collection":[{"href":"https:\/\/haberbesiktas.tr\/index.php?rest_route=\/wp\/v2\/posts"}],"about":[{"href":"https:\/\/haberbesiktas.tr\/index.php?rest_route=\/wp\/v2\/types\/post"}],"author":[{"embeddable":true,"href":"https:\/\/haberbesiktas.tr\/index.php?rest_route=\/wp\/v2\/users\/1"}],"replies":[{"embeddable":true,"href":"https:\/\/haberbesiktas.tr\/index.php?rest_route=%2Fwp%2Fv2%2Fcomments&post=20577"}],"version-history":[{"count":1,"href":"https:\/\/haberbesiktas.tr\/index.php?rest_route=\/wp\/v2\/posts\/20577\/revisions"}],"predecessor-version":[{"id":20579,"href":"https:\/\/haberbesiktas.tr\/index.php?rest_route=\/wp\/v2\/posts\/20577\/revisions\/20579"}],"wp:featuredmedia":[{"embeddable":true,"href":"https:\/\/haberbesiktas.tr\/index.php?rest_route=\/wp\/v2\/media\/20578"}],"wp:attachment":[{"href":"https:\/\/haberbesiktas.tr\/index.php?rest_route=%2Fwp%2Fv2%2Fmedia&parent=20577"}],"wp:term":[{"taxonomy":"category","embeddable":true,"href":"https:\/\/haberbesiktas.tr\/index.php?rest_route=%2Fwp%2Fv2%2Fcategories&post=20577"},{"taxonomy":"post_tag","embeddable":true,"href":"https:\/\/haberbesiktas.tr\/index.php?rest_route=%2Fwp%2Fv2%2Ftags&post=20577"}],"curies":[{"name":"wp","href":"https:\/\/api.w.org\/{rel}","templated":true}]}}