{"id":20580,"date":"2025-04-17T14:00:06","date_gmt":"2025-04-17T14:00:06","guid":{"rendered":"https:\/\/haberbesiktas.tr\/?p=20580"},"modified":"2025-04-17T14:00:06","modified_gmt":"2025-04-17T14:00:06","slug":"emre-belozoglundan-hakemler-hakkinda-aciklama","status":"publish","type":"post","link":"https:\/\/haberbesiktas.tr\/?p=20580","title":{"rendered":"Emre Bel\u00f6zo\u011flu&#8217;ndan hakemler hakk\u0131nda a\u00e7\u0131klama"},"content":{"rendered":"<div>K\u0131rm\u0131z\u0131-beyazl\u0131 tak\u0131m, Trendyol \u00dcst\u00fcn Lig&#8217;in 25. haftas\u0131nda 22 \u015eubat Cumartesi g\u00fcn\u00fc alan\u0131nda Kas\u0131mpa\u015fa ile yapaca\u011f\u0131 ma\u00e7\u0131n haz\u0131rl\u0131klar\u0131n\u0131 s\u00fcrd\u00fcrd\u00fc.<\/p>\n<p> Teknik y\u00f6netici Bel\u00f6zo\u011flu, Atilla Vehbi Konuk Tesisleri&#8217;nde 15 dakikas\u0131 bas\u0131na a\u00e7\u0131k ger\u00e7ekle\u015ftirilen idmanda, bas\u0131n mensuplar\u0131na de\u011ferlendirmelerde bulundu.<\/p>\n<p> Ligde her ma\u00e7\u0131n g\u00fc\u00e7 oldu\u011funu belirten ve son 4 m\u00fcsabakada en az 4 puan daha fazla almalar\u0131 gerekti\u011fini tabir eden Bel\u00f6zo\u011flu, <strong>&#8220;Bence oyunun hakk\u0131 oydu. 4 puan, optimist bir say\u0131. Asl\u0131nda 6 puand\u0131. Ma\u00e7lar\u0131n kar\u015f\u0131l\u0131\u011f\u0131 9 puand\u0131 da biz buradan ne yaz\u0131k ki istedi\u011fimiz sonu\u00e7larla ayr\u0131lmad\u0131k. Hatay&#8217;\u0131 yendik, i\u00e7eride Ba\u015fak\u015fehir&#8217;i yenmemiz gereken bir ma\u00e7t\u0131, \u00e7ok net konumlar ka\u00e7t\u0131. Adana Demirspor ma\u00e7\u0131 da o denli oldu. Son iki ma\u00e7\u0131n hakk\u0131 bence 6 puand\u0131, oradan 2 puan \u00e7\u0131kartt\u0131k. Bu bizim i\u00e7in asl\u0131nda \u00e2l\u00e2 mi mak\u00fbs m\u00fc bilemiyorum, oyun manas\u0131nda \u00e7ok uygun gidiyor i\u015fler fakat onu skora \u00e7evirmemiz gerekiyor.&#8221;<\/strong> diye konu\u015ftu.<\/p>\n<p> Bel\u00f6zo\u011flu, Adana Demirspor ma\u00e7\u0131n\u0131n devre ortas\u0131nda k\u0131rm\u0131z\u0131 kart g\u00f6rmesiyle ilgili ise \u015funlar\u0131 s\u00f6yledi:<\/p>\n<p><strong>&#8220;Devre ortas\u0131nda yaln\u0131zca hakemin yan\u0131na gidip, ma\u00e7\u0131n atmosferinin gergin olmad\u0131\u011f\u0131n\u0131, gerilmemize gerek olacak bir ma\u00e7 olmad\u0131\u011f\u0131n\u0131 tabir ettim. O da bana &#8216;Kural gere\u011fi sana k\u0131rm\u0131z\u0131 kart g\u00f6stermem gerekiyor.&#8217; dedi ve k\u0131rm\u0131z\u0131 kart g\u00f6sterdi. Kurallar\u0131n uygulanmas\u0131nda hi\u00e7bir sorun yok. Benim yanl\u0131\u015f\u0131m varsa kendisinden \u00f6z\u00fcr de diledim lakin herkese t\u0131pk\u0131 halde uygulan\u0131rsa bu bizim ele\u015ftirmeyece\u011fimiz bir noktaya gelir. Bu hafta da ma\u00e7lardan sonra bir\u00e7ok teknik adam alana girdi, sar\u0131 kart bile g\u00f6rmediler. Benim taraf\u0131mdan yaln\u0131zca keder verici taraf\u0131 bu. Onun d\u0131\u015f\u0131nda benim hi\u00e7bir hakeme kar\u015f\u0131 mak\u00fbs kelam\u0131m, mak\u00fbs davran\u0131\u015f\u0131m olmam\u0131\u015ft\u0131r.&#8221;<\/strong><\/p>\n<p><strong>&#8220;Kas\u0131mpa\u015fa, ferd\u00ee kalitesi y\u00fcksek bir tak\u0131m&#8221;<\/strong><\/p>\n<p> Kas\u0131mpa\u015fa kar\u015f\u0131la\u015fmas\u0131na odakland\u0131klar\u0131n\u0131 vurgulayan Bel\u00f6zo\u011flu, <strong>&#8220;Bu ma\u00e7\u0131 da kazanmam\u0131z gerekiyor. Her ma\u00e7\u0131 kazanmak \u00fczere planlar yapaca\u011f\u0131m\u0131 s\u00f6ylemi\u015ftim. Bu ma\u00e7 da onlardan biri. Kas\u0131mpa\u015fa, ferdi kalitesi y\u00fcksek bir kadro. Defansif manada daha yeterli haz\u0131rlanmam\u0131z gereken bir ma\u00e7. Ofansif manada da bence k\u0131r\u0131lmalar ya\u015fayabilecek bir grup olarak g\u00f6r\u00fcn\u00fcyor ancak ne olursa olsun her ma\u00e7\u0131n bu ligde bir zorlu\u011fu var. Onlar da son hafta Fenerbah\u00e7e&#8217;ye kaybetti. Biz de burada kazanmak istiyoruz. Kas\u0131mpa\u015fa ma\u00e7\u0131n\u0131 birinci g\u00fcn s\u00f6yledi\u011fim \u00fczere gerideki d\u00f6rtl\u00fc bloktan kendimizi uzakla\u015ft\u0131rmak ismine k\u0131ymetli bir viraj olarak g\u00f6r\u00fcyoruz.&#8221;<\/strong><\/p>\n<p> Bel\u00f6zo\u011flu, duruma girmekte d\u00fc\u015f\u00fcnceleri olmad\u0131\u011f\u0131n\u0131, sonu\u00e7land\u0131rmadaki sorunlar\u0131 a\u015fmak i\u00e7in \u00e7al\u0131\u015ft\u0131klar\u0131n\u0131 kaydetti.<\/p>\n<p> Yabanc\u0131 hakem tart\u0131\u015fmalar\u0131 ile ilgili yorum yapmak istemedi\u011fini lisana getiren Bel\u00f6zo\u011flu, &#8220;<strong>\u00c7\u00fcnk\u00fc hakemlerin, teknik adamlar\u0131n, futbolcular\u0131n her vakit performanslar\u0131 ele\u015ftirilebilir. Bunu \u00e7ok do\u011fal kar\u015f\u0131lamak laz\u0131m. Bu g\u00fcvensizlik ortam\u0131 oldu\u011fu s\u00fcrece, farkl\u0131 farkl\u0131 kararlar\u0131n \u00e7\u0131kmas\u0131 da \u00e7ok do\u011fal diye d\u00fc\u015f\u00fcn\u00fcyorum. Bilhassa hakemlerin kendi ortas\u0131nda bir ve b\u00fct\u00fcn olmad\u0131\u011f\u0131n\u0131 g\u00f6r\u00fcyorum. Bu manada da \u00e7ok yeterli m\u00fc\u015fahedemin oldu\u011funu d\u00fc\u015f\u00fcn\u00fcyorum. Onlar\u0131n bir ve b\u00fct\u00fcn olmad\u0131\u011f\u0131 s\u00fcrece farkl\u0131 kararlar\u0131n \u00e7\u0131kmas\u0131n\u0131 da herkesin do\u011fal kar\u015f\u0131lamas\u0131 gerekti\u011fini d\u00fc\u015f\u00fcn\u00fcyorum.&#8221;<\/strong> de\u011ferlendirmesinde bulundu.<\/p>\n<p> Bel\u00f6zo\u011flu, t\u00fcm taraftarlar\u0131 Kas\u0131mpa\u015fa ma\u00e7\u0131nda kadrosu desteklemeye \u00e7a\u011f\u0131rd\u0131.<\/p>\n<p> Akdeniz temsilcisi, haz\u0131rl\u0131klar\u0131na yar\u0131n devam edecek.<\/p>\n<\/div>\n","protected":false},"excerpt":{"rendered":"<p>Onvo Antalyaspor Teknik Y\u00f6neticisi Emre Bel\u00f6zo\u011flu, Kas\u0131mpa\u015fa ma\u00e7\u0131n\u0131 kazanmalar\u0131 gerekti\u011fini s\u00f6yledi.<\/p>\n","protected":false},"author":1,"featured_media":20581,"comment_status":"open","ping_status":"open","sticky":false,"template":"","format":"standard","meta":{"footnotes":""},"categories":[25],"tags":[955,62,75,50,2028],"class_list":["post-20580","post","type-post","status-publish","format-standard","has-post-thumbnail","hentry","category-futbol","tag-belozoglu","tag-hakem","tag-kasimpasa","tag-mac","tag-olmadigi"],"_links":{"self":[{"href":"https:\/\/haberbesiktas.tr\/index.php?rest_route=\/wp\/v2\/posts\/20580","targetHints":{"allow":["GET"]}}],"collection":[{"href":"https:\/\/haberbesiktas.tr\/index.php?rest_route=\/wp\/v2\/posts"}],"about":[{"href":"https:\/\/haberbesiktas.tr\/index.php?rest_route=\/wp\/v2\/types\/post"}],"author":[{"embeddable":true,"href":"https:\/\/haberbesiktas.tr\/index.php?rest_route=\/wp\/v2\/users\/1"}],"replies":[{"embeddable":true,"href":"https:\/\/haberbesiktas.tr\/index.php?rest_route=%2Fwp%2Fv2%2Fcomments&post=20580"}],"version-history":[{"count":1,"href":"https:\/\/haberbesiktas.tr\/index.php?rest_route=\/wp\/v2\/posts\/20580\/revisions"}],"predecessor-version":[{"id":20582,"href":"https:\/\/haberbesiktas.tr\/index.php?rest_route=\/wp\/v2\/posts\/20580\/revisions\/20582"}],"wp:featuredmedia":[{"embeddable":true,"href":"https:\/\/haberbesiktas.tr\/index.php?rest_route=\/wp\/v2\/media\/20581"}],"wp:attachment":[{"href":"https:\/\/haberbesiktas.tr\/index.php?rest_route=%2Fwp%2Fv2%2Fmedia&parent=20580"}],"wp:term":[{"taxonomy":"category","embeddable":true,"href":"https:\/\/haberbesiktas.tr\/index.php?rest_route=%2Fwp%2Fv2%2Fcategories&post=20580"},{"taxonomy":"post_tag","embeddable":true,"href":"https:\/\/haberbesiktas.tr\/index.php?rest_route=%2Fwp%2Fv2%2Ftags&post=20580"}],"curies":[{"name":"wp","href":"https:\/\/api.w.org\/{rel}","templated":true}]}}