{"id":20596,"date":"2025-04-17T15:00:06","date_gmt":"2025-04-17T15:00:06","guid":{"rendered":"https:\/\/haberbesiktas.tr\/?p=20596"},"modified":"2025-04-17T15:00:06","modified_gmt":"2025-04-17T15:00:06","slug":"2025-fiba-kadinlar-avrupa-basketbol-sampiyonasinda-torbalar-belli-oldu","status":"publish","type":"post","link":"https:\/\/haberbesiktas.tr\/?p=20596","title":{"rendered":"2025 FIBA Kad\u0131nlar Avrupa Basketbol \u015eampiyonas\u0131&#8217;nda torbalar belli oldu"},"content":{"rendered":"<div>Kura \u00e7ekimi Yunanistan&#8217;\u0131n ba\u015f\u015fehri Atina&#8217;daki Stavros Niarchos Vakf\u0131 K\u00fclt\u00fcr Merkezi&#8217;nde 8 Mart&#8217;ta yap\u0131lacak.<\/p>\n<p> <strong>T\u00fcrkiye, Almanya, \u0130talya ve \u00c7ekya ile birlikte kuraya 2. torbadan kat\u0131lacak.<\/strong><\/p>\n<p> Son \u015fampiyon Bel\u00e7ika, d\u00f6rt kere \u015fampiyon olan \u0130spanya, 2015 ve 2021 y\u0131llar\u0131nda zafere ula\u015fan S\u0131rbistan ve 2009 \u015fampiyonu Fransa ise birinci torbada yer alacak.<\/p>\n<p> Bu y\u0131l 40. defa d\u00fczenlenecek FIBA Bayanlar Avrupa \u015eampiyonas\u0131, 18-29 Haziran tarihlerinde Almanya, \u00c7ekya, Yunanistan ve \u0130talya&#8217;n\u0131n ortakla\u015fa konut sahipli\u011finde d\u00fczenlenecek.<\/p>\n<p> <strong>Kura \u00e7ekimindeki d\u00f6rt torba \u015fu bi\u00e7imde:<\/strong><\/p>\n<p> <strong>1. Torba: Fransa, \u0130spanya, Bel\u00e7ika, S\u0131rbistan<\/strong><\/p>\n<p> <strong>2. Torba: T\u00fcrkiye, Almanya, \u0130talya, \u00c7ekya<\/strong><\/p>\n<p> <strong>3. Torba: Karada\u011f, B\u00fcy\u00fck Britanya, Yunanistan, Slovenya<\/strong><\/p>\n<p> <strong>4. Torba: \u0130sve\u00e7, Portekiz, Litvanya, \u0130svi\u00e7re<\/strong><\/p>\n<\/div>\n","protected":false},"excerpt":{"rendered":"<p>2025 FIBA Bayanlar Avrupa Basketbol \u015eampiyonas\u0131 kura \u00e7ekiminde torbalar a\u015fik\u00e2r oldu.<\/p>\n","protected":false},"author":1,"featured_media":20597,"comment_status":"open","ping_status":"open","sticky":false,"template":"","format":"standard","meta":{"footnotes":""},"categories":[10],"tags":[2030],"class_list":["post-20596","post","type-post","status-publish","format-standard","has-post-thumbnail","hentry","category-basketbol","tag-torba"],"_links":{"self":[{"href":"https:\/\/haberbesiktas.tr\/index.php?rest_route=\/wp\/v2\/posts\/20596","targetHints":{"allow":["GET"]}}],"collection":[{"href":"https:\/\/haberbesiktas.tr\/index.php?rest_route=\/wp\/v2\/posts"}],"about":[{"href":"https:\/\/haberbesiktas.tr\/index.php?rest_route=\/wp\/v2\/types\/post"}],"author":[{"embeddable":true,"href":"https:\/\/haberbesiktas.tr\/index.php?rest_route=\/wp\/v2\/users\/1"}],"replies":[{"embeddable":true,"href":"https:\/\/haberbesiktas.tr\/index.php?rest_route=%2Fwp%2Fv2%2Fcomments&post=20596"}],"version-history":[{"count":1,"href":"https:\/\/haberbesiktas.tr\/index.php?rest_route=\/wp\/v2\/posts\/20596\/revisions"}],"predecessor-version":[{"id":20598,"href":"https:\/\/haberbesiktas.tr\/index.php?rest_route=\/wp\/v2\/posts\/20596\/revisions\/20598"}],"wp:featuredmedia":[{"embeddable":true,"href":"https:\/\/haberbesiktas.tr\/index.php?rest_route=\/wp\/v2\/media\/20597"}],"wp:attachment":[{"href":"https:\/\/haberbesiktas.tr\/index.php?rest_route=%2Fwp%2Fv2%2Fmedia&parent=20596"}],"wp:term":[{"taxonomy":"category","embeddable":true,"href":"https:\/\/haberbesiktas.tr\/index.php?rest_route=%2Fwp%2Fv2%2Fcategories&post=20596"},{"taxonomy":"post_tag","embeddable":true,"href":"https:\/\/haberbesiktas.tr\/index.php?rest_route=%2Fwp%2Fv2%2Ftags&post=20596"}],"curies":[{"name":"wp","href":"https:\/\/api.w.org\/{rel}","templated":true}]}}