{"id":20599,"date":"2025-04-17T15:12:18","date_gmt":"2025-04-17T15:12:18","guid":{"rendered":"https:\/\/haberbesiktas.tr\/?p=20599"},"modified":"2025-04-17T15:12:18","modified_gmt":"2025-04-17T15:12:18","slug":"iste-dursun-ozbekin-tffye-yaniti","status":"publish","type":"post","link":"https:\/\/haberbesiktas.tr\/?p=20599","title":{"rendered":"\u0130\u015fte Dursun \u00d6zbek&#8217;in TFF&#8217;ye yan\u0131t\u0131!"},"content":{"rendered":"<div>Galatasaray Ba\u015fkan\u0131 Dursun \u00d6zbek&#8217;in, TFF Lideri \u0130brahim Hac\u0131osmano\u011flu&#8217;nun toplant\u0131 davetine kar\u015f\u0131l\u0131\u011f\u0131 ortaya \u00e7\u0131kt\u0131.<\/p>\n<p> <strong>\u0130\u015fte Dursun \u00d6zbek&#8217;in TFF&#8217;ye kar\u015f\u0131l\u0131\u011f\u0131:<\/strong><\/p>\n<p> &#8220;Say\u0131n Hac\u0131osmano\u011flu,<\/p>\n<p> 23 \u015eubat Pazartesi g\u00fcn\u00fc Ali Sami Yen Spor Kompleksi Rams Park&#8217;ta oynayaca\u011f\u0131m\u0131z Fenerbah\u00e7e ma\u00e7\u0131n\u0131n ehemmiyetine istinaden 19 \u015eubat tarihli isti\u015fare toplant\u0131s\u0131 davetinizi ald\u0131m.<\/p>\n<p>Gelen mektubu birinci okudu\u011fumda yap\u0131lmas\u0131 planlanan g\u00f6r\u00fc\u015fmenin mevcut futbol federasyonuna g\u00f6sterdi\u011fimiz t\u00fcm tepkimize kar\u015f\u0131n, i\u00e7inde bulundu\u011fumuz futbol iklimine, \u00fclkenin birlik ve beraberli\u011fine katk\u0131 sa\u011flamay\u0131 ama\u00e7layan bir toplant\u0131 olaca\u011f\u0131n\u0131 d\u00fc\u015f\u00fcnm\u00fc\u015ft\u00fcm. <\/p>\n<p>Ancak d\u00fcn, 17 \u015eubat saat 20:00&#8217;de, Rizespor&#8217;la oynad\u0131\u011f\u0131m\u0131z kritik ma\u00e7tan yakla\u015f\u0131k 1 saat evvel, g\u00fcya ortaya \u00e7\u0131kan bu makus ortamdan T\u00fcrkiye Futbol Federasyonu&#8217;nun hi\u00e7bir sorumlulu\u011fu yokmu\u015f\u00e7as\u0131na bir telaffuzla, davetinizi kamuoyuyla payla\u015fman\u0131z\u0131 samimiyetten, \u00e2l\u00e2 niyetten ve planlanan maksattan uzak buldu\u011fumu bilmenizi isterim.<\/p>\n<p> Anla\u015f\u0131l\u0131yor ki; dile\u011finiz samimi bir isti\u015fare ortam\u0131 yaratmaktan \u00e7ok kurumunuzun halkla alakalar \u00e7al\u0131\u015fmas\u0131n\u0131 yapmakm\u0131\u015f. <\/p>\n<p>Bu sebeple davetinize icabet etmeyece\u011fimi bildirmek isterim.<\/p>\n<p>Kul\u00fcb\u00fcm\u00fcz bundan evvel oldu\u011fu \u00fczere bundan sonra da alana odaklan\u0131p, taraftarlar\u0131na ve topluma itidal daveti yapmaya devam edecektir. Dilerim gerek kurumunuz gerekse bir ortaya gelmemizi planlad\u0131\u011f\u0131n\u0131z Fenerbah\u00e7e Spor Kul\u00fcb\u00fc Lideri ve idaresi de misal saikle hareket eder ve \u00fclkemiz futbolunun muhta\u00e7l\u0131\u011f\u0131 olan huzur ortam\u0131 k\u0131sa m\u00fcddette tesis olur.&#8221;<\/p>\n<p> <strong>HACIOSMANO\u011eLU NE DEM\u0130\u015eT\u0130?<\/strong><\/p>\n<p> \u0130brahim Hac\u0131osmano\u011flu, \u00e7ar\u015famba g\u00fcn\u00fc Galatasaray ile Fenerbah\u00e7e ortas\u0131ndaki derbiyi yabanc\u0131 hakemin y\u00f6netece\u011fini a\u00e7\u0131klad\u0131.<\/p>\n<p> Hac\u0131osmano\u011flu, burada, <strong>&#8220;Bug\u00fcnk\u00fc toplant\u0131n\u0131n art plan\u0131n\u0131 kamuoyuna a\u00e7\u0131klama yapmak istiyorum. Galatasaray ve Fenerbah\u00e7e&#8217;ye davetten evvel bilgi verdik. \u00d6ncesinde bilgi verdik, birinci olarak sal\u0131 g\u00fcn\u00fc toplant\u0131y\u0131 tertip etmeyi planlad\u0131k. Fenerbah\u00e7e &#8216;tamam&#8217; dedi, Galatasaray genel sekreteri taraf\u0131ndan &#8216;sal\u0131 g\u00fcn\u00fc divan toplant\u0131m\u0131z, \u00e7ar\u015famba olup olmayaca\u011f\u0131n\u0131&#8217; sordular. Fenerbah\u00e7e taraf\u0131yla g\u00f6r\u00fc\u015f\u00fcp \u00e7ar\u015fambay\u0131 sorduk, olumlu d\u00f6n\u00fc\u015f yapt\u0131lar. Arkada\u015flar\u0131m\u0131z Galatasaray&#8217;a d\u00f6n\u00fc\u015f yap\u0131p \u00e7ar\u015famba g\u00fcn\u00fc i\u00e7in olumlu kar\u015f\u0131l\u0131k verdi ve toplant\u0131y\u0131 kabul etti. Bunun \u00fczerine kamuoyuyla payla\u015ft\u0131k. Kimin samimiyetsiz oldu\u011funu kamuoyuna b\u0131rak\u0131yoruz.&#8221;<\/strong> demi\u015fti.<\/p>\n<p> TFF Ba\u015fkan\u0131 \u0130brahim Hac\u0131osmano\u011flu, daha sonra, <strong>&#8220;Dursun \u00d6zbek&#8217;in Divan Heyeti&#8217;nde a\u00e7\u0131klamas\u0131 oldu. A\u00e7\u0131klamadan sonra konu\u015fmak istediniz mi?&#8221;<\/strong> formunda gelen soruya, <strong>&#8220;Divan toplant\u0131s\u0131ndan sonra kendisi beni arad\u0131. \u00d6zel konu\u015fmalar\u0131 burada size mi anlataca\u011f\u0131m, kendi ortam\u0131zda olan konu\u015fma. Galatasaray toplulu\u011funa, t\u00fcm topluluklara h\u00fcrmetimiz var. Dursun Lider da 10 y\u0131ldan beri tan\u0131d\u0131\u011f\u0131m, t\u0131pk\u0131 periyotta ba\u015fkanl\u0131k yapt\u0131\u011f\u0131m birisidir.&#8221;<\/strong> cevab\u0131n\u0131 verdi.<\/p>\n<\/div>\n","protected":false},"excerpt":{"rendered":"<p>Galatasaray Ba\u015fkan\u0131 Dursun \u00d6zbek&#8217;in, TFF Lideri \u0130brahim Hac\u0131osmano\u011flu&#8217;nun toplant\u0131 davetine kar\u015f\u0131l\u0131\u011f\u0131 ortaya \u00e7\u0131kt\u0131.<\/p>\n","protected":false},"author":1,"featured_media":20600,"comment_status":"open","ping_status":"open","sticky":false,"template":"","format":"standard","meta":{"footnotes":""},"categories":[25],"tags":[190,115,129,774,284],"class_list":["post-20599","post","type-post","status-publish","format-standard","has-post-thumbnail","hentry","category-futbol","tag-baskan","tag-fenerbahce","tag-galatasaray","tag-haciosmanoglu","tag-toplanti"],"_links":{"self":[{"href":"https:\/\/haberbesiktas.tr\/index.php?rest_route=\/wp\/v2\/posts\/20599","targetHints":{"allow":["GET"]}}],"collection":[{"href":"https:\/\/haberbesiktas.tr\/index.php?rest_route=\/wp\/v2\/posts"}],"about":[{"href":"https:\/\/haberbesiktas.tr\/index.php?rest_route=\/wp\/v2\/types\/post"}],"author":[{"embeddable":true,"href":"https:\/\/haberbesiktas.tr\/index.php?rest_route=\/wp\/v2\/users\/1"}],"replies":[{"embeddable":true,"href":"https:\/\/haberbesiktas.tr\/index.php?rest_route=%2Fwp%2Fv2%2Fcomments&post=20599"}],"version-history":[{"count":1,"href":"https:\/\/haberbesiktas.tr\/index.php?rest_route=\/wp\/v2\/posts\/20599\/revisions"}],"predecessor-version":[{"id":20601,"href":"https:\/\/haberbesiktas.tr\/index.php?rest_route=\/wp\/v2\/posts\/20599\/revisions\/20601"}],"wp:featuredmedia":[{"embeddable":true,"href":"https:\/\/haberbesiktas.tr\/index.php?rest_route=\/wp\/v2\/media\/20600"}],"wp:attachment":[{"href":"https:\/\/haberbesiktas.tr\/index.php?rest_route=%2Fwp%2Fv2%2Fmedia&parent=20599"}],"wp:term":[{"taxonomy":"category","embeddable":true,"href":"https:\/\/haberbesiktas.tr\/index.php?rest_route=%2Fwp%2Fv2%2Fcategories&post=20599"},{"taxonomy":"post_tag","embeddable":true,"href":"https:\/\/haberbesiktas.tr\/index.php?rest_route=%2Fwp%2Fv2%2Ftags&post=20599"}],"curies":[{"name":"wp","href":"https:\/\/api.w.org\/{rel}","templated":true}]}}