{"id":20602,"date":"2025-04-17T15:24:14","date_gmt":"2025-04-17T15:24:14","guid":{"rendered":"https:\/\/haberbesiktas.tr\/?p=20602"},"modified":"2025-04-17T15:24:14","modified_gmt":"2025-04-17T15:24:14","slug":"turkiye-avrupa-salon-okculuk-sampiyonasinda-iddiali","status":"publish","type":"post","link":"https:\/\/haberbesiktas.tr\/?p=20602","title":{"rendered":"T\u00fcrkiye, Avrupa Salon Ok\u00e7uluk \u015eampiyonas\u0131&#8217;nda iddial\u0131"},"content":{"rendered":"<p>Topalo\u011flu, gazetecilere, Samsun&#8217;da d\u00fczenlenen Avrupa Salon Ok\u00e7uluk \u015eampiyonas\u0131&#8217;n\u0131 k\u0131ymetlendirdi.<\/p>\n<p> \u015eampiyonaya farkl\u0131 kategorilerde 36 atlet ile kat\u0131ld\u0131klar\u0131n\u0131 aktaran Topalo\u011flu, <strong>&#8220;Eminim ki bu \u015fampiyonada atletlerimiz \u00fclkemizi en uygun formda temsil edecek. T\u00fcm kategorilerde Avrupa \u015fampiyonlu\u011fu yolunda \u00e7ok iddial\u0131y\u0131z. Atletlerimiz uzun m\u00fcddettir bu yar\u0131\u015f i\u00e7in \u00e7al\u0131\u015ft\u0131.&#8221;<\/strong> s\u00f6zlerini kulland\u0131.<\/p>\n<p> Avrupa Salon Ok\u00e7uluk \u015eampiyonas\u0131&#8217;n\u0131n Avrupa&#8217;n\u0131n ve k\u0131\u015f d\u00f6neminin en k\u0131ymetli m\u00fcsabakalar\u0131ndan biri oldu\u011funa i\u015faret eden Topalo\u011flu, <strong>&#8220;Burada 25 \u00fclke gayret ediyor. Memleketler aras\u0131 alanda k\u0131\u015f d\u00f6neminin son yar\u0131\u015f\u0131 olacak. 15 Mart prestijiyle ok\u00e7ulu\u011fun a\u00e7\u0131k alan d\u00f6nemi ba\u015flam\u0131\u015f olacak. Burada \u00fcmit ediyorum ki t\u00fcm atletlerimiz bizleri tekrar gururland\u0131racak, madalyalar alacak ve \u00e7ok b\u00fcy\u00fck muvaffakiyet g\u00f6sterecekler.&#8221;<\/strong> diye konu\u015ftu.<\/p>\n<p> Sportif muvaffakiyetin yan\u0131 s\u0131ra konuklar\u0131n\u0131 en uygun bi\u00e7imde a\u011f\u0131rlamak ve Samsun&#8217;u tan\u0131tmak istediklerini vurgulayan Topalo\u011flu, \u015funlar\u0131 kaydetti:<\/p>\n<p> <strong>&#8220;Bu manada Samsun&#8217;da bu m\u00fcsabakaya \u00e7ok b\u00fcy\u00fck ilgi oldu\u011funu g\u00f6r\u00fcyoruz. Umuyorum ki cumartesi ve pazar g\u00fcn\u00fc oynanacak final yar\u0131\u015fmalar\u0131m\u0131zda trib\u00fcnlerimiz halk\u0131m\u0131zla dolmu\u015f olacak ve ulusal kadrolar\u0131m\u0131z\u0131 destekleyecekler. Atletlerimize ve t\u00fcm kafilelere muvaffakiyetler diliyorum. Bu m\u00fcsabakada her vakit oldu\u011fu \u00fczere tekrar T\u00fcrkiye, Avrupa&#8217;n\u0131n en de\u011ferli, en sayg\u0131n ok\u00e7uluk ekiplerinden biri oldu\u011funu g\u00f6sterecek.&#8221;<\/strong><\/p>\n<p><strong>&#8220;Hedefimiz \u015fampiyonay\u0131 birinci bitirmek&#8221;<\/strong><\/p>\n<p> Ok\u00e7uluk Ulusal Gruplar Teknik Y\u00f6neticisi G\u00f6ktu\u011f Ergin ise Avrupa \u015eampiyonas\u0131&#8217;n\u0131n eleme at\u0131\u015flar\u0131 ile ba\u015flang\u0131c\u0131n\u0131 yapt\u0131klar\u0131na dikkati \u00e7ekerek, <strong>&#8220;Alt\u0131 kategoride s\u0131ralama at\u0131\u015flar\u0131 ba\u015flad\u0131. Birinci 39 s\u0131ras\u0131 sonu\u00e7land\u0131. \u015eu anda ekiplerimizin durumu \u00e7ok uygun. \u0130stedi\u011fimiz durumday\u0131z. \u00d6\u011flenden sonra da \u00f6b\u00fcr alt\u0131 s\u0131ralama at\u0131\u015flar\u0131 ger\u00e7ekle\u015fecek.&#8221;<\/strong> a\u00e7\u0131klamas\u0131nda bulundu.<\/p>\n<p>20 \u015eubat \u00c7ar\u015famba g\u00fcn\u00fc ba\u015flayacak ferd\u00ee elemelerde d\u00fczg\u00fcn konum elde edebilmeyi ama\u00e7lad\u0131klar\u0131n\u0131 lisana getiren Ergin, <strong>&#8220;\u015eu anda her \u015fey istedi\u011fimiz \u00fczere gidiyor. Burada 12 kategoride 36 sportmen ile yar\u0131\u015f\u0131yoruz. Maksad\u0131m\u0131z Avrupa \u015eampiyonas\u0131&#8217;n\u0131 en \u00e7ok madalya al\u0131p birinci bitirmek.&#8221;<\/strong> halinde konu\u015ftu.<\/p>\n","protected":false},"excerpt":{"rendered":"<p>T\u00fcrkiye Ok\u00e7uluk Federasyonu Ba\u015fkan\u0131 Abdullah Topalo\u011flu, &#8220;\u015eampiyonada atletlerimiz \u00fclkemizi en yeterli bi\u00e7imde temsil edecek. T\u00fcm kategorilerde Avrupa \u015fampiyonlu\u011fu yolunda \u00e7ok iddial\u0131y\u0131z.&#8221; dedi.<\/p>\n","protected":false},"author":1,"featured_media":20603,"comment_status":"open","ping_status":"open","sticky":false,"template":"","format":"standard","meta":{"footnotes":""},"categories":[27],"tags":[205,782,198],"class_list":["post-20602","post","type-post","status-publish","format-standard","has-post-thumbnail","hentry","category-guncel-haberler","tag-avrupa","tag-sporcu","tag-yarisma"],"_links":{"self":[{"href":"https:\/\/haberbesiktas.tr\/index.php?rest_route=\/wp\/v2\/posts\/20602","targetHints":{"allow":["GET"]}}],"collection":[{"href":"https:\/\/haberbesiktas.tr\/index.php?rest_route=\/wp\/v2\/posts"}],"about":[{"href":"https:\/\/haberbesiktas.tr\/index.php?rest_route=\/wp\/v2\/types\/post"}],"author":[{"embeddable":true,"href":"https:\/\/haberbesiktas.tr\/index.php?rest_route=\/wp\/v2\/users\/1"}],"replies":[{"embeddable":true,"href":"https:\/\/haberbesiktas.tr\/index.php?rest_route=%2Fwp%2Fv2%2Fcomments&post=20602"}],"version-history":[{"count":1,"href":"https:\/\/haberbesiktas.tr\/index.php?rest_route=\/wp\/v2\/posts\/20602\/revisions"}],"predecessor-version":[{"id":20604,"href":"https:\/\/haberbesiktas.tr\/index.php?rest_route=\/wp\/v2\/posts\/20602\/revisions\/20604"}],"wp:featuredmedia":[{"embeddable":true,"href":"https:\/\/haberbesiktas.tr\/index.php?rest_route=\/wp\/v2\/media\/20603"}],"wp:attachment":[{"href":"https:\/\/haberbesiktas.tr\/index.php?rest_route=%2Fwp%2Fv2%2Fmedia&parent=20602"}],"wp:term":[{"taxonomy":"category","embeddable":true,"href":"https:\/\/haberbesiktas.tr\/index.php?rest_route=%2Fwp%2Fv2%2Fcategories&post=20602"},{"taxonomy":"post_tag","embeddable":true,"href":"https:\/\/haberbesiktas.tr\/index.php?rest_route=%2Fwp%2Fv2%2Ftags&post=20602"}],"curies":[{"name":"wp","href":"https:\/\/api.w.org\/{rel}","templated":true}]}}