{"id":20638,"date":"2025-04-17T18:00:06","date_gmt":"2025-04-17T18:00:06","guid":{"rendered":"https:\/\/haberbesiktas.tr\/?p=20638"},"modified":"2025-04-17T18:00:06","modified_gmt":"2025-04-17T18:00:06","slug":"rams-park-zemini-neden-ortulmedi-iste-cevabi","status":"publish","type":"post","link":"https:\/\/haberbesiktas.tr\/?p=20638","title":{"rendered":"RAMS Park zemini neden \u00f6rt\u00fclmedi; i\u015fte cevab\u0131"},"content":{"rendered":"<div>Galatasaray&#8217;\u0131n \u0130stanbul&#8217;daki a\u011f\u0131r kar ya\u011f\u0131\u015f\u0131 s\u0131ras\u0131nda RAMS Park yerine \u00f6rt\u00fc \u00f6rtmemesi toplumsal medyada g\u00fcndem oldu.<\/p>\n<p> <strong>BU NEDENLE \u00d6RT\u00dcLMED\u0130<\/strong><\/p>\n<p> RAMS Park yetkilileri, 21.30&#8217;da AZ Alkmaar&#8217;\u0131n stadyumda yap\u0131lacak idman\u0131 nedeniyle taban \u00fcst\u00fcne \u00f6rt\u00fcy\u00fc \u00f6rtmedi. \u00d6rt\u00fcn\u00fcn \u00f6rt\u00fclmesinin \u00e7ok kolay olmad\u0131\u011f\u0131 ve idman \u00f6ncesi serip kald\u0131rman\u0131n taban\u0131 daha mak\u00fbs etkileyece\u011fi \u00f6\u011frenildi.<\/p>\n<p> <strong>ANTRENMAN SONRASI \u00d6RT\u00dcLECEK<\/strong><\/p>\n<p> Stadyum yetkilileri, AZ Alkmaar idman\u0131 sonras\u0131 taban i\u00e7in gerekli s\u00fcre\u00e7leri yap\u0131p \u00f6rt\u00fcy\u00fc \u00f6rtecek.<\/p>\n<p> <strong>MA\u00c7 SAAT\u0130NE KADAR KALACAK<\/strong><\/p>\n<p> \u00d6rt\u00fc, ma\u00e7 saatlerine kadar yerde kalacak ve ma\u00e7a k\u0131sa m\u00fchlet kala tabandan kald\u0131r\u0131lacak. Bu halde ma\u00e7a olabilecek en yeterli yer kaideleriyle ba\u015flanacak.<\/p>\n<p> Ma\u00e7tan \u00e7abucak sonra taban\u0131n gerekli bak\u0131m\u0131 yap\u0131larak \u00f6rt\u00fc kapat\u0131lacak ve Fenerbah\u00e7e ma\u00e7 saatine kadar \u00f6rt\u00fc yerden kalkmayacak.<\/p>\n<\/div>\n","protected":false},"excerpt":{"rendered":"<p>Galatasaray&#8217;\u0131n \u0130stanbul&#8217;daki a\u011f\u0131r kar ya\u011f\u0131\u015f\u0131na kar\u015f\u0131n RAMS Park yerini neden \u00f6rtmedi\u011fi ortaya \u00e7\u0131kt\u0131.<\/p>\n","protected":false},"author":1,"featured_media":20639,"comment_status":"open","ping_status":"open","sticky":false,"template":"","format":"standard","meta":{"footnotes":""},"categories":[25],"tags":[50,2033,917],"class_list":["post-20638","post","type-post","status-publish","format-standard","has-post-thumbnail","hentry","category-futbol","tag-mac","tag-ortu","tag-zemin"],"_links":{"self":[{"href":"https:\/\/haberbesiktas.tr\/index.php?rest_route=\/wp\/v2\/posts\/20638","targetHints":{"allow":["GET"]}}],"collection":[{"href":"https:\/\/haberbesiktas.tr\/index.php?rest_route=\/wp\/v2\/posts"}],"about":[{"href":"https:\/\/haberbesiktas.tr\/index.php?rest_route=\/wp\/v2\/types\/post"}],"author":[{"embeddable":true,"href":"https:\/\/haberbesiktas.tr\/index.php?rest_route=\/wp\/v2\/users\/1"}],"replies":[{"embeddable":true,"href":"https:\/\/haberbesiktas.tr\/index.php?rest_route=%2Fwp%2Fv2%2Fcomments&post=20638"}],"version-history":[{"count":1,"href":"https:\/\/haberbesiktas.tr\/index.php?rest_route=\/wp\/v2\/posts\/20638\/revisions"}],"predecessor-version":[{"id":20640,"href":"https:\/\/haberbesiktas.tr\/index.php?rest_route=\/wp\/v2\/posts\/20638\/revisions\/20640"}],"wp:featuredmedia":[{"embeddable":true,"href":"https:\/\/haberbesiktas.tr\/index.php?rest_route=\/wp\/v2\/media\/20639"}],"wp:attachment":[{"href":"https:\/\/haberbesiktas.tr\/index.php?rest_route=%2Fwp%2Fv2%2Fmedia&parent=20638"}],"wp:term":[{"taxonomy":"category","embeddable":true,"href":"https:\/\/haberbesiktas.tr\/index.php?rest_route=%2Fwp%2Fv2%2Fcategories&post=20638"},{"taxonomy":"post_tag","embeddable":true,"href":"https:\/\/haberbesiktas.tr\/index.php?rest_route=%2Fwp%2Fv2%2Ftags&post=20638"}],"curies":[{"name":"wp","href":"https:\/\/api.w.org\/{rel}","templated":true}]}}