{"id":20833,"date":"2025-04-18T06:12:06","date_gmt":"2025-04-18T06:12:06","guid":{"rendered":"https:\/\/haberbesiktas.tr\/?p=20833"},"modified":"2025-04-18T06:12:06","modified_gmt":"2025-04-18T06:12:06","slug":"besiktastan-genc-yetenek-hamlesi","status":"publish","type":"post","link":"https:\/\/haberbesiktas.tr\/?p=20833","title":{"rendered":"Be\u015fikta\u015f&#8217;tan gen\u00e7 yetenek hamlesi!"},"content":{"rendered":"<div>\n<p>Alt yap\u0131 tak\u0131m\u0131n\u0131 g\u00fc\u00e7lendirmek isteyen Be\u015fikta\u015f&#8217;ta s\u00fcrpriz bir geli\u015fme ya\u015fand\u0131.\u00a0<\/p>\n<p> Kazakistan Ligi tak\u0131mlar\u0131ndan Kairat-Akademia Almaty&#8217;de forma giyen 16 ya\u015f\u0131ndaki oyuncu Alamgir Smakov, 1 y\u0131l \u00fclkesi Kazakistan&#8217;da oynay\u0131p 18 ya\u015f\u0131na bas\u0131nca Be\u015fikta\u015f ile profesyonel mukavele imzalayacak.<\/p>\n<p> <strong>\u00dcCRET \u00d6DENMEYECEK<\/strong><\/p>\n<p> Be\u015fikta\u015f idaresi, Smakov i\u00e7in kul\u00fcb\u00fcne rastgele bir fiyat \u00f6demeyecek.<\/p>\n<p> <strong>17 DEFA ULUSAL EK\u0130P FORMASINI TERLETT\u0130<\/strong><\/p>\n<p> Sa\u011f kanatta vazife alan Alamgir Smakov, Kazakistan U-17 Kadrosunun formas\u0131n\u0131 \u015fu ana kadar 17 defa terletti.<\/p>\n<p> \u00a0<\/p>\n<\/div>\n<p><\/p>\n","protected":false},"excerpt":{"rendered":"<p>Be\u015fikta\u015f, 18 ya\u015f\u0131na geldi\u011finde profesyonel mukavele imzalayaca\u011f\u0131 Kazak yetenek Alamgir Smakov&#8217;u tak\u0131m\u0131na katt\u0131.<\/p>\n","protected":false},"author":1,"featured_media":20834,"comment_status":"open","ping_status":"open","sticky":false,"template":"","format":"standard","meta":{"footnotes":""},"categories":[25],"tags":[],"class_list":["post-20833","post","type-post","status-publish","format-standard","has-post-thumbnail","hentry","category-futbol"],"_links":{"self":[{"href":"https:\/\/haberbesiktas.tr\/index.php?rest_route=\/wp\/v2\/posts\/20833","targetHints":{"allow":["GET"]}}],"collection":[{"href":"https:\/\/haberbesiktas.tr\/index.php?rest_route=\/wp\/v2\/posts"}],"about":[{"href":"https:\/\/haberbesiktas.tr\/index.php?rest_route=\/wp\/v2\/types\/post"}],"author":[{"embeddable":true,"href":"https:\/\/haberbesiktas.tr\/index.php?rest_route=\/wp\/v2\/users\/1"}],"replies":[{"embeddable":true,"href":"https:\/\/haberbesiktas.tr\/index.php?rest_route=%2Fwp%2Fv2%2Fcomments&post=20833"}],"version-history":[{"count":1,"href":"https:\/\/haberbesiktas.tr\/index.php?rest_route=\/wp\/v2\/posts\/20833\/revisions"}],"predecessor-version":[{"id":20835,"href":"https:\/\/haberbesiktas.tr\/index.php?rest_route=\/wp\/v2\/posts\/20833\/revisions\/20835"}],"wp:featuredmedia":[{"embeddable":true,"href":"https:\/\/haberbesiktas.tr\/index.php?rest_route=\/wp\/v2\/media\/20834"}],"wp:attachment":[{"href":"https:\/\/haberbesiktas.tr\/index.php?rest_route=%2Fwp%2Fv2%2Fmedia&parent=20833"}],"wp:term":[{"taxonomy":"category","embeddable":true,"href":"https:\/\/haberbesiktas.tr\/index.php?rest_route=%2Fwp%2Fv2%2Fcategories&post=20833"},{"taxonomy":"post_tag","embeddable":true,"href":"https:\/\/haberbesiktas.tr\/index.php?rest_route=%2Fwp%2Fv2%2Ftags&post=20833"}],"curies":[{"name":"wp","href":"https:\/\/api.w.org\/{rel}","templated":true}]}}