{"id":20840,"date":"2025-04-18T06:36:06","date_gmt":"2025-04-18T06:36:06","guid":{"rendered":"https:\/\/haberbesiktas.tr\/?p=20840"},"modified":"2025-04-18T06:36:06","modified_gmt":"2025-04-18T06:36:06","slug":"iste-vincicin-yonettigi-fenerbahce-ve-galatasaray-maclari","status":"publish","type":"post","link":"https:\/\/haberbesiktas.tr\/?p=20840","title":{"rendered":"\u0130\u015fte Vincic&#8217;in y\u00f6netti\u011fi Fenerbah\u00e7e ve Galatasaray ma\u00e7lar\u0131!"},"content":{"rendered":"<div>Merkez Hakem Kurulu, S\u00fcper Lig&#8217;de 25. hafta ma\u00e7lar\u0131n\u0131 y\u00f6netecek hakemleri a\u00e7\u0131klad\u0131. Galatasaray ile Fenerbah\u00e7e ma\u00e7\u0131na Sloven hakem Slovko Vincic atand\u0131.<\/p>\n<p> Vincic, mesle\u011finde daha evvel birer sefer Galatasaray ve Fenerbah\u00e7e ma\u00e7lar\u0131nda d\u00fcd\u00fck \u00e7ald\u0131.<\/p>\n<p> Vincic, 2018-2029 d\u00f6neminde UEFA \u015eampiyonlar Ligi \u00fc\u00e7\u00fcnc\u00fc tipinde Kad\u0131k\u00f6y&#8217;de Fenerbah\u00e7e ile Benfica ortas\u0131nda oynanan r\u00f6van\u015f m\u00fcsabakas\u0131n\u0131 y\u00f6netmi\u015fti. Kelam konusu \u00e7aba Alper Potuk ve Gedson Fernandes&#8217;in golleriyle 1-1&#8217;lik sonu\u00e7la sona ermi\u015fti. Alan\u0131ndaki birinci ma\u00e7\u0131 1-0 kazanan Benfica, tipi ge\u00e7en taraf olmu\u015ftu.<\/p>\n<p> Slavko Vincic daha sonra ise Galatasaray&#8217;\u0131n \u015eampiyonlar Ligi ma\u00e7\u0131nda d\u00fcd\u00fck \u00e7alm\u0131\u015ft\u0131. 2019-2020 sezonunda \u015eampiyonlar Ligi A K\u00fcmesi&#8217;nde Club Brugge deplasman\u0131na konuk olan Galatasaray, alandan 0-0&#8217;l\u0131k e\u015fitlikle ayr\u0131lm\u0131\u015ft\u0131. Vincic, gols\u00fcz biten ma\u00e7ta vazife alm\u0131\u015ft\u0131.<\/p>\n<\/div>\n<p><\/p>\n","protected":false},"excerpt":{"rendered":"<p>Galatasaray &#8211; Fenerbah\u00e7e derbisine atanan Slavko Vincic, mesle\u011finde daha evvel birer sefer iki grubun da ma\u00e7lar\u0131nda d\u00fcd\u00fck \u00e7ald\u0131. \u0130\u015fte detaylar&#8230;<\/p>\n","protected":false},"author":1,"featured_media":20841,"comment_status":"open","ping_status":"open","sticky":false,"template":"","format":"standard","meta":{"footnotes":""},"categories":[25],"tags":[2046],"class_list":["post-20840","post","type-post","status-publish","format-standard","has-post-thumbnail","hentry","category-futbol","tag-vincic"],"_links":{"self":[{"href":"https:\/\/haberbesiktas.tr\/index.php?rest_route=\/wp\/v2\/posts\/20840","targetHints":{"allow":["GET"]}}],"collection":[{"href":"https:\/\/haberbesiktas.tr\/index.php?rest_route=\/wp\/v2\/posts"}],"about":[{"href":"https:\/\/haberbesiktas.tr\/index.php?rest_route=\/wp\/v2\/types\/post"}],"author":[{"embeddable":true,"href":"https:\/\/haberbesiktas.tr\/index.php?rest_route=\/wp\/v2\/users\/1"}],"replies":[{"embeddable":true,"href":"https:\/\/haberbesiktas.tr\/index.php?rest_route=%2Fwp%2Fv2%2Fcomments&post=20840"}],"version-history":[{"count":1,"href":"https:\/\/haberbesiktas.tr\/index.php?rest_route=\/wp\/v2\/posts\/20840\/revisions"}],"predecessor-version":[{"id":20842,"href":"https:\/\/haberbesiktas.tr\/index.php?rest_route=\/wp\/v2\/posts\/20840\/revisions\/20842"}],"wp:featuredmedia":[{"embeddable":true,"href":"https:\/\/haberbesiktas.tr\/index.php?rest_route=\/wp\/v2\/media\/20841"}],"wp:attachment":[{"href":"https:\/\/haberbesiktas.tr\/index.php?rest_route=%2Fwp%2Fv2%2Fmedia&parent=20840"}],"wp:term":[{"taxonomy":"category","embeddable":true,"href":"https:\/\/haberbesiktas.tr\/index.php?rest_route=%2Fwp%2Fv2%2Fcategories&post=20840"},{"taxonomy":"post_tag","embeddable":true,"href":"https:\/\/haberbesiktas.tr\/index.php?rest_route=%2Fwp%2Fv2%2Ftags&post=20840"}],"curies":[{"name":"wp","href":"https:\/\/api.w.org\/{rel}","templated":true}]}}