{"id":20897,"date":"2025-04-18T10:24:24","date_gmt":"2025-04-18T10:24:24","guid":{"rendered":"https:\/\/haberbesiktas.tr\/?p=20897"},"modified":"2025-04-18T10:24:24","modified_gmt":"2025-04-18T10:24:24","slug":"rams-parkta-son-durum","status":"publish","type":"post","link":"https:\/\/haberbesiktas.tr\/?p=20897","title":{"rendered":"RAMS Park&#8217;ta son durum!"},"content":{"rendered":"<div>Galatasaray ile AZ Alkmaar, UEFA Avrupa Ligi Play-Off Tipi r\u00f6van\u015f m\u00fcsabakas\u0131 bu ak\u015fam 20.45&#8217;te RAMS Park&#8217;ta kar\u015f\u0131 kar\u015f\u0131ya gelecek. \u0130stanbul&#8217;da tesirli olan kar ya\u011f\u0131\u015f\u0131n\u0131n akabinde \u00e7aban\u0131n oynan\u0131p, oynanmayaca\u011f\u0131 da merak konusu olmu\u015ftu.<\/p>\n<p> \u0130stanbul&#8217;a \u00e7ar\u015famba g\u00fcn\u00fc Hollanda tak\u0131m\u0131n\u0131n idman yapt\u0131\u011f\u0131 s\u0131rada stadyum yerinin karla kapland\u0131\u011f\u0131 g\u00f6r\u00fcld\u00fc. RAMS Park&#8217;\u0131n yerine branda serilmemesinin nedeni ise AZ Alkmaar&#8217;\u0131n ma\u00e7 \u00f6ncesi son idman\u0131n\u0131 ger\u00e7ekle\u015ftirmesinin beklenmesi oldu. Branda serme s\u00fcrecinin uzun s\u00fcrecek olmas\u0131 ve bu m\u00fcddette Hollanda grubunun idman\u0131n\u0131n da sarkabilece\u011fi gerek\u00e7esiyle bu s\u00fcrecin ger\u00e7ekle\u015ftirilmedi\u011fi \u00f6\u011frenildi. Ayr\u0131yeten taban \u0131s\u0131tma sistemin de gece devreye sokulmas\u0131yla tabanda kar\u0131n eridi\u011fi tabir edildi.<\/p>\n<p><img decoding=\"async\" src=\"https:\/\/haberbesiktas.tr\/wp-content\/uploads\/2025\/04\/rams-parkta-son-durum-0-17CfTP4U.jpg\"\/> <\/p>\n<p><strong>KISA PER\u0130YOD\u0130K PAN\u0130K<\/strong><\/p>\n<p>\u00d6te yandan \u0131s\u0131tma sistemlerinden \u00e7\u0131kan solaryum \u0131\u015f\u0131klar\u0131n\u0131n bulutlara pembe olarak yans\u0131mas\u0131yla birlikte etrafta k\u0131sa periyodik bir panik ya\u015fand\u0131. Lakin yans\u0131yan \u0131\u015f\u0131klar\u0131n \u0131s\u0131tma sisteminden kaynakland\u0131\u011f\u0131 daha sonra anla\u015f\u0131ld\u0131.<\/p>\n<p> <strong>KAR K\u00dcREME ARA\u00c7LARI STADYUM ETRAFINDA N\u00d6BETTTE<\/strong><\/p>\n<p> Ma\u00e7 \u00f6ncesi ve sonras\u0131nda ya\u011f\u0131\u015f\u0131n devam etmesi durumuna kar\u015f\u0131l\u0131k stadyum etraf\u0131nda kar k\u00fcreme ve tuzlama ara\u00e7lar\u0131 da haz\u0131r tutuluyor. Rastgele bir aksakl\u0131k ya\u015fanmamas\u0131 ismine gruplar, stadyum etraf\u0131nda n\u00f6bet tutuyor.<\/p>\n<p><img decoding=\"async\" src=\"https:\/\/haberbesiktas.tr\/wp-content\/uploads\/2025\/04\/rams-parkta-son-durum-1-KHZsBXyH.jpg\"\/><\/p>\n<\/div>\n<p><\/p>\n","protected":false},"excerpt":{"rendered":"<p>Galatasaray&#8217;da UEFA Avrupa Ligi Play-Off Tipi&#8217;nde AZ Alkmaar&#8217;\u0131 konuk edece\u011fi m\u00fcsabaka \u00f6ncesinde \u0130stanbul&#8217;da kar ya\u011f\u0131\u015f\u0131 orta ara tesirli oluyor. Stadyum ve etraf\u0131nda ma\u00e7 saatinde \u0131s\u0131n\u0131n 0 derece olmas\u0131 ayr\u0131yeten sulu kar halinde ya\u011f\u0131\u015f d\u00fc\u015fmesi bekleniyor. \u0130\u015fte stadyum etraf\u0131nda son durum&#8230;<\/p>\n","protected":false},"author":1,"featured_media":20898,"comment_status":"open","ping_status":"open","sticky":false,"template":"","format":"standard","meta":{"footnotes":""},"categories":[25],"tags":[81],"class_list":["post-20897","post","type-post","status-publish","format-standard","has-post-thumbnail","hentry","category-futbol","tag-kar"],"_links":{"self":[{"href":"https:\/\/haberbesiktas.tr\/index.php?rest_route=\/wp\/v2\/posts\/20897","targetHints":{"allow":["GET"]}}],"collection":[{"href":"https:\/\/haberbesiktas.tr\/index.php?rest_route=\/wp\/v2\/posts"}],"about":[{"href":"https:\/\/haberbesiktas.tr\/index.php?rest_route=\/wp\/v2\/types\/post"}],"author":[{"embeddable":true,"href":"https:\/\/haberbesiktas.tr\/index.php?rest_route=\/wp\/v2\/users\/1"}],"replies":[{"embeddable":true,"href":"https:\/\/haberbesiktas.tr\/index.php?rest_route=%2Fwp%2Fv2%2Fcomments&post=20897"}],"version-history":[{"count":1,"href":"https:\/\/haberbesiktas.tr\/index.php?rest_route=\/wp\/v2\/posts\/20897\/revisions"}],"predecessor-version":[{"id":20901,"href":"https:\/\/haberbesiktas.tr\/index.php?rest_route=\/wp\/v2\/posts\/20897\/revisions\/20901"}],"wp:featuredmedia":[{"embeddable":true,"href":"https:\/\/haberbesiktas.tr\/index.php?rest_route=\/wp\/v2\/media\/20898"}],"wp:attachment":[{"href":"https:\/\/haberbesiktas.tr\/index.php?rest_route=%2Fwp%2Fv2%2Fmedia&parent=20897"}],"wp:term":[{"taxonomy":"category","embeddable":true,"href":"https:\/\/haberbesiktas.tr\/index.php?rest_route=%2Fwp%2Fv2%2Fcategories&post=20897"},{"taxonomy":"post_tag","embeddable":true,"href":"https:\/\/haberbesiktas.tr\/index.php?rest_route=%2Fwp%2Fv2%2Ftags&post=20897"}],"curies":[{"name":"wp","href":"https:\/\/api.w.org\/{rel}","templated":true}]}}