{"id":20964,"date":"2025-04-18T14:36:09","date_gmt":"2025-04-18T14:36:09","guid":{"rendered":"https:\/\/haberbesiktas.tr\/?p=20964"},"modified":"2025-04-18T14:36:09","modified_gmt":"2025-04-18T14:36:09","slug":"cengiz-under-mlse-gitti","status":"publish","type":"post","link":"https:\/\/haberbesiktas.tr\/?p=20964","title":{"rendered":"Cengiz \u00dcnder, MLS&#8217;e gitti!"},"content":{"rendered":"<div>Fenerbah\u00e7e&#8217;de bir m\u00fcddettir g\u00fcndemde olan ayr\u0131l\u0131k resmile\u015fti. Sar\u0131-lacivertlilerde Cengiz \u00dcnder, MLS ligi tak\u0131mlar\u0131ndan Los Angeles FC&#8217;ye transfer oldu.<\/p>\n<p> Fenerbah\u00e7e&#8217;den Cengiz i\u00e7in yap\u0131lan a\u00e7\u0131klamada,<strong> &#8220;Kul\u00fcb\u00fcm\u00fcz Profesyonel Futbol A Grup oyuncular\u0131m\u0131zdan Cengiz \u00dcnder&#8217;in 1 Temmuz 2025&#8217;e kadar kiral\u0131k transferi konusunda Amerika Birle\u015fik Devletleri Ligi MLS ekiplerinden Los Angeles FC ile prensip muahedesine varm\u0131\u015ft\u0131r. Futbolcumuza s\u0131hhat denetimleri ve transfer g\u00f6r\u00fc\u015fmelerini ilerletmesi i\u00e7in seyahat m\u00fcsaadesi verilmi\u015ftir.&#8221;<\/strong> denildi.<\/p>\n<p> Los Angeles FC ise 27 ya\u015f\u0131ndaki futbolcunun sat\u0131n alma opsiyonuyla kiraland\u0131\u011f\u0131n\u0131 duyurdu.<\/p>\n<p> Los Angeles FC&#8217;nin Genel Menajeri John Thorrington, <strong>&#8220;Cengiz, milletleraras\u0131 rekabetin en \u00fcst d\u00fczeylerinde tecr\u00fcbe sahibi, \u00fcst seviye bir oyuncu. D\u00fcnyan\u0131n en d\u00fczg\u00fcn liglerinden kimilerinde kendini kan\u0131tlad\u0131 ve hamle yetenekleriyle ba\u015far\u0131m\u0131za katk\u0131da bulunacak.&#8221;<\/strong> dedi.<\/p>\n<p> Cengiz \u00dcnder ise, &#8220;<strong>Los Angeles taraftarlar\u0131n\u0131n \u00f6n\u00fcnde oynamak ve kul\u00fcb\u00fcn geni\u015f k\u00fclt\u00fcr\u00fcn\u00fc temsil etmek i\u00e7in sab\u0131rs\u0131zlan\u0131yorum. Los Angeles&#8217;\u0131n bir\u00e7ok etnik k\u00f6kene konut sahipli\u011fi yapt\u0131\u011f\u0131n\u0131n ve kul\u00fcb\u00fcn ortalar\u0131nda bir\u00e7ok Ermeni&#8217;nin de bulundu\u011fu \u00e7ok k\u00fclt\u00fcrl\u00fc bir taraftar kitlesine sahip oldu\u011funu biliyorum. Ben futbolu seven ve onun birle\u015ftirici k\u00fclt\u00fcr\u00fcne inanan bir profesyonelim. \u0130ngiltere, \u0130talya ve Fransa&#8217;da oynad\u0131m. Sevin\u00e7lerimi ve h\u00fcz\u00fcnlerimi grup arkada\u015flar\u0131mla, taraftarlarla ve bir\u00e7ok farkl\u0131 etnik k\u00f6kenden gelen \u00f6b\u00fcr be\u015ferlerle payla\u015ft\u0131m. Burada da bunu yapmaya devam edece\u011fim. Taraftarlar\u0131m\u0131z\u0131n sporun birle\u015ftirici g\u00fcc\u00fcn\u00fcn fark\u0131nda oldu\u011funu biliyorum. Umar\u0131m birbirimizi kucaklayabiliriz.&#8221;<\/strong> kelamlar\u0131n\u0131 sarf etti.<\/p>\n<p> <strong>FENERBAH\u00c7E PERFORMANSI<\/strong><\/p>\n<p> Cengiz \u00dcnder, Fenerbah\u00e7e&#8217;de bu d\u00f6nem 9 ma\u00e7ta 252 dakika alanda kalm\u0131\u015ft\u0131.<\/p>\n<p><img decoding=\"async\" src=\"https:\/\/haberbesiktas.tr\/wp-content\/uploads\/2025\/04\/cengiz-under-mlse-gitti-0-6lLBdXIG.jpg\"\/><\/p>\n<\/div>\n<p><\/p>\n","protected":false},"excerpt":{"rendered":"<p>Fenerbah\u00e7e, Cengiz \u00dcnder&#8217;in MLS gruplar\u0131ndan Los Angeles FC&#8217;ye transfer oldu\u011funu duyurdu.<\/p>\n","protected":false},"author":1,"featured_media":20965,"comment_status":"open","ping_status":"open","sticky":false,"template":"","format":"standard","meta":{"footnotes":""},"categories":[25],"tags":[637,513],"class_list":["post-20964","post","type-post","status-publish","format-standard","has-post-thumbnail","hentry","category-futbol","tag-cengiz","tag-los-angeles"],"_links":{"self":[{"href":"https:\/\/haberbesiktas.tr\/index.php?rest_route=\/wp\/v2\/posts\/20964","targetHints":{"allow":["GET"]}}],"collection":[{"href":"https:\/\/haberbesiktas.tr\/index.php?rest_route=\/wp\/v2\/posts"}],"about":[{"href":"https:\/\/haberbesiktas.tr\/index.php?rest_route=\/wp\/v2\/types\/post"}],"author":[{"embeddable":true,"href":"https:\/\/haberbesiktas.tr\/index.php?rest_route=\/wp\/v2\/users\/1"}],"replies":[{"embeddable":true,"href":"https:\/\/haberbesiktas.tr\/index.php?rest_route=%2Fwp%2Fv2%2Fcomments&post=20964"}],"version-history":[{"count":1,"href":"https:\/\/haberbesiktas.tr\/index.php?rest_route=\/wp\/v2\/posts\/20964\/revisions"}],"predecessor-version":[{"id":20967,"href":"https:\/\/haberbesiktas.tr\/index.php?rest_route=\/wp\/v2\/posts\/20964\/revisions\/20967"}],"wp:featuredmedia":[{"embeddable":true,"href":"https:\/\/haberbesiktas.tr\/index.php?rest_route=\/wp\/v2\/media\/20965"}],"wp:attachment":[{"href":"https:\/\/haberbesiktas.tr\/index.php?rest_route=%2Fwp%2Fv2%2Fmedia&parent=20964"}],"wp:term":[{"taxonomy":"category","embeddable":true,"href":"https:\/\/haberbesiktas.tr\/index.php?rest_route=%2Fwp%2Fv2%2Fcategories&post=20964"},{"taxonomy":"post_tag","embeddable":true,"href":"https:\/\/haberbesiktas.tr\/index.php?rest_route=%2Fwp%2Fv2%2Ftags&post=20964"}],"curies":[{"name":"wp","href":"https:\/\/api.w.org\/{rel}","templated":true}]}}