{"id":20971,"date":"2025-04-18T15:00:07","date_gmt":"2025-04-18T15:00:07","guid":{"rendered":"https:\/\/haberbesiktas.tr\/?p=20971"},"modified":"2025-04-18T15:00:07","modified_gmt":"2025-04-18T15:00:07","slug":"goztepede-koray-gunter-sevinci","status":"publish","type":"post","link":"https:\/\/haberbesiktas.tr\/?p=20971","title":{"rendered":"G\u00f6ztepe&#8217;de Koray G\u00fcnter sevinci"},"content":{"rendered":"<div>S\u00fcper Lig&#8217;de pazar g\u00fcn\u00fc d\u00fc\u015fme \u00e7izgisinde yer alan Kayserispor&#8217;la kar\u015f\u0131 kar\u015f\u0131ya gelecek G\u00f6ztepe&#8217;ye bir sakat oyuncusundan daha m\u00fcjde geldi. Ma\u00e7a mutlak 3 puan parolas\u0131yla haz\u0131rlanan sar\u0131-k\u0131rm\u0131z\u0131l\u0131larda stoper Koray G\u00fcnter&#8217;in de kadroyla \u00e7al\u0131\u015fmalara ba\u015flad\u0131\u011f\u0131 bildirildi. <\/p>\n<p>Son haftalarda savunma ve forvette sakatl\u0131klardan \u00f6t\u00fcr\u00fc b\u00fcy\u00fck me\u015fakkatler \u00e7eken \u0130zmir tak\u0131m\u0131nda, Brezilyal\u0131 golc\u00fc Juan Silva da gruba d\u00f6nerken, Koray&#8217;\u0131n da uygunla\u015fmas\u0131 teknik grubu rahatlatt\u0131.<\/p>\n<p> Kayseri deplasman\u0131nda sar\u0131 kart cezal\u0131s\u0131 savunmac\u0131 Heliton&#8217;dan yararlanamayacak olan Stoilov&#8217;un Koray&#8217;\u0131 oynatmas\u0131 bekleniyor. <\/p>\n<p>Yakla\u015f\u0131k 3 hafta evvel oynanan Alanyaspor ma\u00e7\u0131n\u0131n 24&#8217;\u00fcnc\u00fc dakikas\u0131nda sakatlan\u0131p oyuna devam edemeyen Koray G\u00fcnter, T\u00fcrkiye Kupas\u0131&#8217;ndaki Gaziantep FK ve son S\u00fcper Lig m\u00fcsabakas\u0131ndaki Bodrum FK kar\u015f\u0131la\u015fmalar\u0131nda forma giyemedi. <\/p>\n<p>G\u00f6ztepe&#8217;de Heliton&#8217;un yan\u0131 s\u0131ra sakatl\u0131klar\u0131 s\u00fcren Brezilyal\u0131 forvetler Romulo ve Emersonn da ma\u00e7ta vazife alamayacak.<\/p>\n<\/div>\n<p><\/p>\n","protected":false},"excerpt":{"rendered":"<p>D\u00fc\u015fme s\u0131n\u0131r\u0131nda yer alan Kayserispor&#8217;la kar\u015f\u0131 kar\u015f\u0131ya gelecek G\u00f6ztepe&#8217;ye bir sakat oyuncusundan daha m\u00fcjde geldi.<\/p>\n","protected":false},"author":1,"featured_media":20972,"comment_status":"open","ping_status":"open","sticky":false,"template":"","format":"standard","meta":{"footnotes":""},"categories":[25],"tags":[],"class_list":["post-20971","post","type-post","status-publish","format-standard","has-post-thumbnail","hentry","category-futbol"],"_links":{"self":[{"href":"https:\/\/haberbesiktas.tr\/index.php?rest_route=\/wp\/v2\/posts\/20971","targetHints":{"allow":["GET"]}}],"collection":[{"href":"https:\/\/haberbesiktas.tr\/index.php?rest_route=\/wp\/v2\/posts"}],"about":[{"href":"https:\/\/haberbesiktas.tr\/index.php?rest_route=\/wp\/v2\/types\/post"}],"author":[{"embeddable":true,"href":"https:\/\/haberbesiktas.tr\/index.php?rest_route=\/wp\/v2\/users\/1"}],"replies":[{"embeddable":true,"href":"https:\/\/haberbesiktas.tr\/index.php?rest_route=%2Fwp%2Fv2%2Fcomments&post=20971"}],"version-history":[{"count":1,"href":"https:\/\/haberbesiktas.tr\/index.php?rest_route=\/wp\/v2\/posts\/20971\/revisions"}],"predecessor-version":[{"id":20973,"href":"https:\/\/haberbesiktas.tr\/index.php?rest_route=\/wp\/v2\/posts\/20971\/revisions\/20973"}],"wp:featuredmedia":[{"embeddable":true,"href":"https:\/\/haberbesiktas.tr\/index.php?rest_route=\/wp\/v2\/media\/20972"}],"wp:attachment":[{"href":"https:\/\/haberbesiktas.tr\/index.php?rest_route=%2Fwp%2Fv2%2Fmedia&parent=20971"}],"wp:term":[{"taxonomy":"category","embeddable":true,"href":"https:\/\/haberbesiktas.tr\/index.php?rest_route=%2Fwp%2Fv2%2Fcategories&post=20971"},{"taxonomy":"post_tag","embeddable":true,"href":"https:\/\/haberbesiktas.tr\/index.php?rest_route=%2Fwp%2Fv2%2Ftags&post=20971"}],"curies":[{"name":"wp","href":"https:\/\/api.w.org\/{rel}","templated":true}]}}