{"id":20978,"date":"2025-04-18T15:24:07","date_gmt":"2025-04-18T15:24:07","guid":{"rendered":"https:\/\/haberbesiktas.tr\/?p=20978"},"modified":"2025-04-18T15:24:07","modified_gmt":"2025-04-18T15:24:07","slug":"wilfried-zaha-herkes-neden-turkiyeye-gidiyorsun-dedi","status":"publish","type":"post","link":"https:\/\/haberbesiktas.tr\/?p=20978","title":{"rendered":"Wilfried Zaha: &#8220;Herkes &#8216;Neden T\u00fcrkiye&#8217;ye gidiyorsun?&#8217; dedi&#8221;"},"content":{"rendered":"<div>Galatasaray&#8217;dan MLS tak\u0131m\u0131 Charlotte&#8217;a giden Wilfried Zaha, imza merasiminde a\u00e7\u0131klamalarda bulundu.<\/p>\n<p><strong>&#8220;NE OLACA\u011eINI B\u0130LEMEZS\u0130N\u0130Z&#8221;<\/strong><\/p>\n<p>Ki\u015fisel \u00f6zelliklerinden bahseden Zaha, <strong>&#8220;<\/strong><span><strong>Ben \u00e7ok konu\u015fan biri de\u011filim, benim olay\u0131m \u00f6rnek olarak liderlik etmeye \u00e7al\u0131\u015fmak. Ne kadar d\u00fczg\u00fcn oldu\u011fum ya da ne yapaca\u011f\u0131m konusunda gevezelik etme, su\u00e7lama ve konu\u015fma e\u011filiminde de\u011filim zira yar\u0131n ne olaca\u011f\u0131n\u0131 bilemezsiniz. Ne kadar uygun oldu\u011fumu kan\u0131tlayabilmemin tek yolu alanda olmak.&#8221;<\/strong> s\u00f6zlerini kulland\u0131.<\/span><\/p>\n<p><strong>&#8220;MA\u00c7LARI \u0130ZLED\u0130M&#8221;<\/strong><\/p>\n<p>Charlotte&#8217;a transfer s\u00fcrecini a\u00e7\u0131klayan Zaha, <strong>&#8220;<\/strong><span><strong>Yatmadan evvel YouTube&#8217;da Charlotte ma\u00e7lar\u0131n\u0131 izliyordum. Ekibin nas\u0131l oldu\u011funu, m\u00fcspet istikametlerini ve bunun \u00fczere \u015feyleri g\u00f6r\u00fcyordum. Birinci yapt\u0131\u011f\u0131m buydu ve sonra konu\u015fmalar yapmak bana mant\u0131kl\u0131 geldi.&#8221;<\/strong> kelamlar\u0131n\u0131 sarf etti.<\/p>\n<p><strong>&#8220;HERKES &#8216;NEDEN T\u00dcRK\u0130YE&#8217;YE G\u0130D\u0130YORSUN?&#8217; DED\u0130&#8221;<\/strong><\/p>\n<p>Kariyer tercihleri hakk\u0131nda konu\u015fan Zaha, <span><strong>&#8220;Kariyerimin gidi\u015fat\u0131na ve gitti\u011fim yerlere bakacak olursak; T\u00fcrkiye&#8217;ye gittim, herkes &#8216;Neden oraya gidiyorsun?&#8217; dedi. Ben yaln\u0131zca gitmek istedi\u011fimi hissetti\u011fim yere giderim, kendi tarihimi m\u00fcellifim. Benim zihniyetim bu; asla kimseyi takip etmem.&#8221;<\/strong> s\u00f6zlerini kulland\u0131.<\/span><\/span><\/div>\n<p><\/p>\n","protected":false},"excerpt":{"rendered":"<p>Galatasaray&#8217;dan Charlotte&#8217;a giden Wilfried Zaha, imza merasiminde a\u00e7\u0131klamalarda bulundu.<\/p>\n","protected":false},"author":1,"featured_media":20979,"comment_status":"open","ping_status":"open","sticky":false,"template":"","format":"standard","meta":{"footnotes":""},"categories":[25],"tags":[],"class_list":["post-20978","post","type-post","status-publish","format-standard","has-post-thumbnail","hentry","category-futbol"],"_links":{"self":[{"href":"https:\/\/haberbesiktas.tr\/index.php?rest_route=\/wp\/v2\/posts\/20978","targetHints":{"allow":["GET"]}}],"collection":[{"href":"https:\/\/haberbesiktas.tr\/index.php?rest_route=\/wp\/v2\/posts"}],"about":[{"href":"https:\/\/haberbesiktas.tr\/index.php?rest_route=\/wp\/v2\/types\/post"}],"author":[{"embeddable":true,"href":"https:\/\/haberbesiktas.tr\/index.php?rest_route=\/wp\/v2\/users\/1"}],"replies":[{"embeddable":true,"href":"https:\/\/haberbesiktas.tr\/index.php?rest_route=%2Fwp%2Fv2%2Fcomments&post=20978"}],"version-history":[{"count":1,"href":"https:\/\/haberbesiktas.tr\/index.php?rest_route=\/wp\/v2\/posts\/20978\/revisions"}],"predecessor-version":[{"id":20980,"href":"https:\/\/haberbesiktas.tr\/index.php?rest_route=\/wp\/v2\/posts\/20978\/revisions\/20980"}],"wp:featuredmedia":[{"embeddable":true,"href":"https:\/\/haberbesiktas.tr\/index.php?rest_route=\/wp\/v2\/media\/20979"}],"wp:attachment":[{"href":"https:\/\/haberbesiktas.tr\/index.php?rest_route=%2Fwp%2Fv2%2Fmedia&parent=20978"}],"wp:term":[{"taxonomy":"category","embeddable":true,"href":"https:\/\/haberbesiktas.tr\/index.php?rest_route=%2Fwp%2Fv2%2Fcategories&post=20978"},{"taxonomy":"post_tag","embeddable":true,"href":"https:\/\/haberbesiktas.tr\/index.php?rest_route=%2Fwp%2Fv2%2Ftags&post=20978"}],"curies":[{"name":"wp","href":"https:\/\/api.w.org\/{rel}","templated":true}]}}