{"id":20981,"date":"2025-04-18T15:36:06","date_gmt":"2025-04-18T15:36:06","guid":{"rendered":"https:\/\/haberbesiktas.tr\/?p=20981"},"modified":"2025-04-18T15:36:06","modified_gmt":"2025-04-18T15:36:06","slug":"sergio-conceicao-milanda-diken-ustunde","status":"publish","type":"post","link":"https:\/\/haberbesiktas.tr\/?p=20981","title":{"rendered":"Sergio Concei\u00e7ao, Milan&#8217;da diken \u00fcst\u00fcnde"},"content":{"rendered":"<div>Milan, Ocak transfer devrinde yapt\u0131\u011f\u0131 b\u00fcy\u00fck yat\u0131r\u0131mlarla bu d\u00f6nem Avrupa&#8217;n\u0131n en itibarl\u0131 kulvar\u0131 olan \u015eampiyonlar Ligi&#8217;nde m\u00fcmk\u00fcn olan en yeterli sonucu elde etmeyi hedeflemi\u015fti. Fakat beklenen muvaffakiyete ula\u015famad\u0131 ve kadronun performans\u0131, kul\u00fcb\u00fcn en \u00fcst d\u00fczeydeki gayelerini alt\u00fcst etti.<\/p>\n<p>\u015eampiyonlar Ligi&#8217;ne direkt sekizli cinse kat\u0131lmay\u0131 \u00e7ok yak\u0131nken, grup 4 ma\u00e7ta yaln\u0131zca Girona&#8217;ya kar\u015f\u0131 galip gelebildi ve Feyenoord \u00fczere m\u00fctevaz\u0131 bir rakibe kar\u015f\u0131 elenerek b\u00fcy\u00fck bir hayal k\u0131r\u0131kl\u0131\u011f\u0131 ya\u015fad\u0131.<\/p>\n<p><strong>CONCEICAO&#8217;YA TENK\u0130TLER B\u00dcY\u00dcK<\/strong><\/p>\n<p>Portekizli teknik y\u00f6netici Sergio Concei\u00e7\u00e3o, Supercoppa Italiana&#8217;y\u0131 kazanm\u0131\u015f olsa da, Milan \u00fczere b\u00fcy\u00fck bir kul\u00fcp i\u00e7in bu tek kupa, teknik y\u00f6neticinin gelece\u011fini teminat alt\u0131na alacak bir muvaffakiyet olarak kabul edilmiyor. <\/p>\n<p>Milan, \u015eampiyonlar Ligi&#8217;nde ilerleme hedeflerken, Concei\u00e7\u00e3o&#8217;un liderli\u011finde k\u0131ymetli bir f\u0131rsat\u0131 ka\u00e7\u0131rd\u0131. Feyenoord kar\u015f\u0131s\u0131nda al\u0131nan yenilgi, kul\u00fcb\u00fcn kazanaca\u011f\u0131 11 milyon euroluk gelirin kaybedilmesine yol a\u00e7t\u0131, bu da kul\u00fcp sahiplerinin ekonomik istikrara verdi\u011fi k\u0131ymeti g\u00f6z \u00f6n\u00fcnde bulundurunca b\u00fcy\u00fck bir utan\u00e7 kayna\u011f\u0131 oldu.<\/p>\n<p>Concei\u00e7\u00e3o&#8217;un talepleri do\u011frultusunda yap\u0131lan transferlerin (Kyle Walker, Joao Felix ve Santiago Gimenez) de d\u00f6nemin bu kadar berbat gitmesinde de\u011ferli bir etken olarak \u00f6ne \u00e7\u0131k\u0131yor. Teknik y\u00f6neticinin Feyenoord kar\u015f\u0131s\u0131ndaki stratejisi de ele\u015ftirilmekte.<\/p>\n<p><strong>KUL\u00dcPTEK\u0130 SON \u015eANSI<\/strong><\/p>\n<p>Milan Dan\u0131\u015fman\u0131\u00a0Zlatan Ibrahimovi\u0107, Sergio Concei\u00e7\u00e3o ile ortalar\u0131nda gergin bir ilgi oldu\u011fu s\u00f6ylentilerini yalanlad\u0131, lakin Portekizli teknik y\u00f6neticinin gelece\u011fi, Milan&#8217;\u0131n ligde d\u00f6rd\u00fcnc\u00fc s\u0131ray\u0131 al\u0131p gelecek d\u00f6nem \u015eampiyonlar Ligi&#8217;ne kat\u0131lma hakk\u0131 kazanmas\u0131na ba\u011fl\u0131.<\/p>\n<p><strong>PULUSIC&#8217;TEN YALANLAMA<\/strong><\/p>\n<p>\u0130talyan bas\u0131n\u0131nda \u00e7\u0131kan haberlere nazaran Portekizli teknik adam, kul\u00fcp oyuncular\u0131ndan\u00a0Christian Pulisic ve Youssouf Fofana ile bir tart\u0131\u015fma ya\u015fad\u0131.<\/p>\n<p>Pulusic&#8217;in Milan idaresine &#8220;Ya Conceicao kal\u0131r ya da ben!&#8221; bi\u00e7iminde bir rest \u00e7ekti\u011fi de arg\u00fcman edildi.<\/p>\n<p>Bunun \u00fczerine\u00a0Pulisic \u00e7\u0131kan haberleri yalanlayarak, Milan&#8217;\u0131n X hesab\u0131nda \u015fu a\u00e7\u0131klamay\u0131 yapt\u0131: &#8220;Asla teknik y\u00f6neticiyle tart\u0131\u015fmad\u0131m ve gitmek istemedim. Milan&#8217;da \u00e7ok memnunum ve bu formay\u0131 giymeye devam etmek istiyorum. Bu palavralar\u0131 okumak kabul edilemez, fakat hepimiz birlikte kalmaya devam edece\u011fiz ve alanda, kul\u00fcb\u00fcm\u00fcz ve taraftarlar\u0131m\u0131z i\u00e7in birlikte sava\u015faca\u011f\u0131z.&#8221;<\/p><\/div>\n<p><\/p>\n","protected":false},"excerpt":{"rendered":"<p>Milan, teknik y\u00f6netici Sergio Concei\u00e7ao&#8217;nun \u015eampiyonlar Ligi&#8217;ne kat\u0131lma hakk\u0131 kazanamamas\u0131 durumunda kul\u00fcpten g\u00f6nderecek.<\/p>\n","protected":false},"author":1,"featured_media":20982,"comment_status":"open","ping_status":"open","sticky":false,"template":"","format":"standard","meta":{"footnotes":""},"categories":[25],"tags":[645,478],"class_list":["post-20981","post","type-post","status-publish","format-standard","has-post-thumbnail","hentry","category-futbol","tag-milan","tag-teknik-direktor"],"_links":{"self":[{"href":"https:\/\/haberbesiktas.tr\/index.php?rest_route=\/wp\/v2\/posts\/20981","targetHints":{"allow":["GET"]}}],"collection":[{"href":"https:\/\/haberbesiktas.tr\/index.php?rest_route=\/wp\/v2\/posts"}],"about":[{"href":"https:\/\/haberbesiktas.tr\/index.php?rest_route=\/wp\/v2\/types\/post"}],"author":[{"embeddable":true,"href":"https:\/\/haberbesiktas.tr\/index.php?rest_route=\/wp\/v2\/users\/1"}],"replies":[{"embeddable":true,"href":"https:\/\/haberbesiktas.tr\/index.php?rest_route=%2Fwp%2Fv2%2Fcomments&post=20981"}],"version-history":[{"count":1,"href":"https:\/\/haberbesiktas.tr\/index.php?rest_route=\/wp\/v2\/posts\/20981\/revisions"}],"predecessor-version":[{"id":20983,"href":"https:\/\/haberbesiktas.tr\/index.php?rest_route=\/wp\/v2\/posts\/20981\/revisions\/20983"}],"wp:featuredmedia":[{"embeddable":true,"href":"https:\/\/haberbesiktas.tr\/index.php?rest_route=\/wp\/v2\/media\/20982"}],"wp:attachment":[{"href":"https:\/\/haberbesiktas.tr\/index.php?rest_route=%2Fwp%2Fv2%2Fmedia&parent=20981"}],"wp:term":[{"taxonomy":"category","embeddable":true,"href":"https:\/\/haberbesiktas.tr\/index.php?rest_route=%2Fwp%2Fv2%2Fcategories&post=20981"},{"taxonomy":"post_tag","embeddable":true,"href":"https:\/\/haberbesiktas.tr\/index.php?rest_route=%2Fwp%2Fv2%2Ftags&post=20981"}],"curies":[{"name":"wp","href":"https:\/\/api.w.org\/{rel}","templated":true}]}}