{"id":21012,"date":"2025-04-18T17:36:10","date_gmt":"2025-04-18T17:36:10","guid":{"rendered":"https:\/\/haberbesiktas.tr\/?p=21012"},"modified":"2025-04-18T17:36:10","modified_gmt":"2025-04-18T17:36:10","slug":"galatasaray-taraftarlarindan-celtic-taraftarlarina-tesekkur","status":"publish","type":"post","link":"https:\/\/haberbesiktas.tr\/?p=21012","title":{"rendered":"Galatasaray taraftarlar\u0131ndan Celtic taraftarlar\u0131na te\u015fekk\u00fcr"},"content":{"rendered":"<div>Galatasarayl\u0131 taraftarlar, Do\u011fu Trib\u00fcn\u00fc&#8217;nde a\u00e7t\u0131klar\u0131 pankartla Celtic&#8217;e te\u015fekk\u00fcr etti.<\/p>\n<p> \u0130sko\u00e7ya tak\u0131m\u0131 Celtic&#8217;in taraftarlar\u0131 \u00e7abucak hemen t\u00fcm m\u00fcsabakalar\u0131nda yapt\u0131klar\u0131 koreografi ve olu\u015fturduklar\u0131 trib\u00fcn ambiyanslar\u0131yla \u0130srail&#8217;in i\u015fgali alt\u0131ndaki Filistin&#8217;e dayanak iletileri veriyordu. <\/p>\n<p>Galatasaray taraftarlar\u0131 da AZ Alkmaar ma\u00e7\u0131nda Do\u011fu Trib\u00fcn\u00fc&#8217;nde a\u00e7t\u0131klar\u0131 pankartlarla Celtic taraftarlar\u0131na te\u015fekk\u00fcr etti.<\/p>\n<p><img decoding=\"async\" src=\"https:\/\/haberbesiktas.tr\/wp-content\/uploads\/2025\/04\/galatasaray-taraftarlarindan-celtic-taraftarlarina-tesekkur-0-RJw4g3Mb.jpg\"\/> <\/p>\n<p>Sar\u0131-k\u0131rm\u0131z\u0131l\u0131 taraftarlar, Do\u011fu Trib\u00fcn\u00fc&#8217;nde a\u00e7\u0131lan pankartta, <strong>&#8220;Filistin&#8217;e olan sars\u0131lmaz dayanaklar\u0131 i\u00e7in Celtic taraftarlar\u0131na te\u015fekk\u00fcr ediyoruz&#8221;<\/strong> tabirlerine yer verdi.<\/p>\n<p><img decoding=\"async\" src=\"https:\/\/haberbesiktas.tr\/wp-content\/uploads\/2025\/04\/galatasaray-taraftarlarindan-celtic-taraftarlarina-tesekkur-1-OgnBiGm9.jpg\"\/><\/p>\n<p> Ayr\u0131yeten kale ard\u0131nda yer alan trib\u00fcnlerde de<strong> &#8216;Filistin&#8217;deki soyk\u0131r\u0131m\u0131 durdurun&#8217;<\/strong> ve<strong> &#8216;Filistin \u00f6zg\u00fcr de\u011filse, d\u00fcnya tutsakt\u0131r&#8217;<\/strong> yaz\u0131l\u0131 pankartlara yer verildi.<\/p>\n<p><img decoding=\"async\" src=\"https:\/\/haberbesiktas.tr\/wp-content\/uploads\/2025\/04\/galatasaray-taraftarlarindan-celtic-taraftarlarina-tesekkur-2-QVg98HVu.jpg\"\/><\/p>\n<\/div>\n<p><\/p>\n","protected":false},"excerpt":{"rendered":"<p>Galatasaray taraftarlar\u0131,  AZ Alkmaar ma\u00e7\u0131nda Do\u011fu Trib\u00fcn\u00fc&#8217;nde a\u00e7t\u0131klar\u0131 pankartlarla Celtic taraftarlar\u0131na, Filistin&#8217;e dayanaklar\u0131 i\u00e7in te\u015fekk\u00fcr etti.<\/p>\n","protected":false},"author":1,"featured_media":21013,"comment_status":"open","ping_status":"open","sticky":false,"template":"","format":"standard","meta":{"footnotes":""},"categories":[25],"tags":[123],"class_list":["post-21012","post","type-post","status-publish","format-standard","has-post-thumbnail","hentry","category-futbol","tag-tribun"],"_links":{"self":[{"href":"https:\/\/haberbesiktas.tr\/index.php?rest_route=\/wp\/v2\/posts\/21012","targetHints":{"allow":["GET"]}}],"collection":[{"href":"https:\/\/haberbesiktas.tr\/index.php?rest_route=\/wp\/v2\/posts"}],"about":[{"href":"https:\/\/haberbesiktas.tr\/index.php?rest_route=\/wp\/v2\/types\/post"}],"author":[{"embeddable":true,"href":"https:\/\/haberbesiktas.tr\/index.php?rest_route=\/wp\/v2\/users\/1"}],"replies":[{"embeddable":true,"href":"https:\/\/haberbesiktas.tr\/index.php?rest_route=%2Fwp%2Fv2%2Fcomments&post=21012"}],"version-history":[{"count":1,"href":"https:\/\/haberbesiktas.tr\/index.php?rest_route=\/wp\/v2\/posts\/21012\/revisions"}],"predecessor-version":[{"id":21017,"href":"https:\/\/haberbesiktas.tr\/index.php?rest_route=\/wp\/v2\/posts\/21012\/revisions\/21017"}],"wp:featuredmedia":[{"embeddable":true,"href":"https:\/\/haberbesiktas.tr\/index.php?rest_route=\/wp\/v2\/media\/21013"}],"wp:attachment":[{"href":"https:\/\/haberbesiktas.tr\/index.php?rest_route=%2Fwp%2Fv2%2Fmedia&parent=21012"}],"wp:term":[{"taxonomy":"category","embeddable":true,"href":"https:\/\/haberbesiktas.tr\/index.php?rest_route=%2Fwp%2Fv2%2Fcategories&post=21012"},{"taxonomy":"post_tag","embeddable":true,"href":"https:\/\/haberbesiktas.tr\/index.php?rest_route=%2Fwp%2Fv2%2Ftags&post=21012"}],"curies":[{"name":"wp","href":"https:\/\/api.w.org\/{rel}","templated":true}]}}