{"id":21079,"date":"2025-04-18T21:48:06","date_gmt":"2025-04-18T21:48:06","guid":{"rendered":"https:\/\/haberbesiktas.tr\/?p=21079"},"modified":"2025-04-18T21:48:06","modified_gmt":"2025-04-18T21:48:06","slug":"viktoria-plzenden-buyuk-geri-donus","status":"publish","type":"post","link":"https:\/\/haberbesiktas.tr\/?p=21079","title":{"rendered":"Viktoria Plzen&#8217;den b\u00fcy\u00fck geri d\u00f6n\u00fc\u015f"},"content":{"rendered":"<div>UEFA Avrupa Ligi Eleme \u00c7e\u015fidi Playoff r\u00f6van\u015f ma\u00e7\u0131nda Viktoria Plzen ile Feren\u00e7varo\u015f kar\u015f\u0131 kar\u015f\u0131ya geldi. Doosan Arena&#8217;da oynanan \u00e7abay\u0131 konut sahibi Viktoria Plzen 3-0&#8217;l\u0131k skorla kazand\u0131.<\/p>\n<p> Viktoria Plzen&#8217;e galibiyeti getiren golleri 27 ve 39. dakikalarda Durosinmi, 35. dakikada Pavel Sulc kaydetti.<\/p>\n<p> Birinci ma\u00e7\u0131 1-0 kaybeden Viktoria Plzen, bu galibiyetle birlikte ismini son 16 grup ortas\u0131na yazd\u0131rd\u0131.<\/p>\n<p> Viktoria Plzen, Son 16 Tipi&#8217;nde Lazio yahut Athletic Bilbao ile e\u015fle\u015fecek.<\/p>\n<\/div>\n<p><\/p>\n","protected":false},"excerpt":{"rendered":"<p>Birinci ma\u00e7\u0131 kaybeden Viktoria Plzen, r\u00f6van\u015fta Feren\u00e7varo\u015f&#8217;u 3-0 yenerek UEFA Avrupa Ligi&#8217;nde ismini son 16 grup ortas\u0131na yazd\u0131rd\u0131.<\/p>\n","protected":false},"author":1,"featured_media":21080,"comment_status":"open","ping_status":"open","sticky":false,"template":"","format":"standard","meta":{"footnotes":""},"categories":[25],"tags":[2068],"class_list":["post-21079","post","type-post","status-publish","format-standard","has-post-thumbnail","hentry","category-futbol","tag-viktoria-plzen"],"_links":{"self":[{"href":"https:\/\/haberbesiktas.tr\/index.php?rest_route=\/wp\/v2\/posts\/21079","targetHints":{"allow":["GET"]}}],"collection":[{"href":"https:\/\/haberbesiktas.tr\/index.php?rest_route=\/wp\/v2\/posts"}],"about":[{"href":"https:\/\/haberbesiktas.tr\/index.php?rest_route=\/wp\/v2\/types\/post"}],"author":[{"embeddable":true,"href":"https:\/\/haberbesiktas.tr\/index.php?rest_route=\/wp\/v2\/users\/1"}],"replies":[{"embeddable":true,"href":"https:\/\/haberbesiktas.tr\/index.php?rest_route=%2Fwp%2Fv2%2Fcomments&post=21079"}],"version-history":[{"count":1,"href":"https:\/\/haberbesiktas.tr\/index.php?rest_route=\/wp\/v2\/posts\/21079\/revisions"}],"predecessor-version":[{"id":21081,"href":"https:\/\/haberbesiktas.tr\/index.php?rest_route=\/wp\/v2\/posts\/21079\/revisions\/21081"}],"wp:featuredmedia":[{"embeddable":true,"href":"https:\/\/haberbesiktas.tr\/index.php?rest_route=\/wp\/v2\/media\/21080"}],"wp:attachment":[{"href":"https:\/\/haberbesiktas.tr\/index.php?rest_route=%2Fwp%2Fv2%2Fmedia&parent=21079"}],"wp:term":[{"taxonomy":"category","embeddable":true,"href":"https:\/\/haberbesiktas.tr\/index.php?rest_route=%2Fwp%2Fv2%2Fcategories&post=21079"},{"taxonomy":"post_tag","embeddable":true,"href":"https:\/\/haberbesiktas.tr\/index.php?rest_route=%2Fwp%2Fv2%2Ftags&post=21079"}],"curies":[{"name":"wp","href":"https:\/\/api.w.org\/{rel}","templated":true}]}}