{"id":21082,"date":"2025-04-18T22:00:06","date_gmt":"2025-04-18T22:00:06","guid":{"rendered":"https:\/\/haberbesiktas.tr\/?p=21082"},"modified":"2025-04-18T22:00:06","modified_gmt":"2025-04-18T22:00:06","slug":"maarten-martens-g-sarayi-f-bahceden-daha-cok-begendim","status":"publish","type":"post","link":"https:\/\/haberbesiktas.tr\/?p=21082","title":{"rendered":"Maarten Martens: &#8220;G.Saray&#8217;\u0131, F.Bah\u00e7e&#8217;den daha \u00e7ok be\u011fendim&#8221;"},"content":{"rendered":"<div>\u00a0UEFA Avrupa Ligi play-off \u00e7e\u015fidinde Galatasaray&#8217;\u0131 eleyen Hollanda temsilcisi AZ Alkmaar&#8217;\u0131n teknik y\u00f6neticisi Maarten Martens, m\u00fcsabakada taktiksel, fizik\u00ee ve mental olarak uygun olduklar\u0131n\u0131 s\u00f6yledi.<\/p>\n<p> Bel\u00e7ikal\u0131 teknik adam, alanlar\u0131ndaki 4-1&#8217;lik galibiyetin r\u00f6van\u015f\u0131nda RAMS Park&#8217;ta 2-2 beraberlikle sonu\u00e7lanan ma\u00e7\u0131n akabinde d\u00fczenlenen bas\u0131n toplant\u0131s\u0131nda a\u00e7\u0131klamalarda bulundu.<\/p>\n<p> Ma\u00e7tan \u00e7ok zevk ald\u0131\u011f\u0131n\u0131 lisana getiren Martens, <strong>&#8220;\u00c7ok ho\u015f bir oyunun seyircisi oldum. Atmosfer \u00e7ok ho\u015ftu. T\u00fcm konumlardan yararlanmak isteyen Galatasaray vard\u0131. Devam etmek i\u00e7in risk ald\u0131lar. \u00c7ok fazla konum ya\u015fand\u0131. Ka\u00e7\u0131rd\u0131\u011f\u0131m\u0131z \u00e7ok durum oldu. Bug\u00fcn kazanmamam\u0131z mucize lakin s\u0131k\u0131nt\u0131m\u0131z bu de\u011fil. Taktiksel, fizik\u00ee ve mental olarak uygun oynad\u0131k. Burada bir geli\u015fme g\u00f6rmek de \u00e7ok ho\u015ftu.&#8221;<\/strong> diye konu\u015ftu.<\/p>\n<p> Galatasaray&#8217;\u0131n 4-1&#8217;lik yenilgiyi \u00e7evirmeye \u00e7al\u0131\u015ft\u0131\u011f\u0131n\u0131 anlatan k\u0131rm\u0131z\u0131-beyazl\u0131 kadronun teknik y\u00f6neticisi, <strong>&#8220;\u00c7ok macerac\u0131 oynayan bir Galatasaray ile kar\u015f\u0131la\u015ft\u0131k. Birinci ma\u00e7taki 4-1&#8217;den sonra risk almalar\u0131 gerekti\u011fini biliyorduk. Ho\u015f durumlar bulduk. Bizim i\u00e7in d\u00fczg\u00fcn sonu\u00e7 oldu.&#8221;<\/strong> s\u00f6zlerini kulland\u0131.<\/p>\n<p> <strong>&#8211; &#8220;Galatasaray&#8217;\u0131 daha \u00e7ok be\u011fendim&#8221;<\/strong><\/p>\n<p> AZ Alkmaar Teknik Y\u00f6neticisi, bu d\u00f6nem kar\u015f\u0131la\u015ft\u0131klar\u0131 T\u00fcrk ekipleri Galatasaray ve Fenerbah\u00e7e ortas\u0131nda en \u00e7ok sar\u0131-k\u0131rm\u0131z\u0131l\u0131lar\u0131 be\u011fendi\u011fini s\u00f6yledi.<\/p>\n<p> UEFA Avrupa Ligi&#8217;nde Fenerbah\u00e7e ve Galatasaray ile kar\u015f\u0131la\u015ft\u0131klar\u0131n\u0131n hat\u0131rlat\u0131lmas\u0131 \u00fczerine Martens<strong>, &#8220;Saham\u0131zdaki birinci Galatasaray ma\u00e7\u0131 en g\u00fc\u00e7 ma\u00e7\u0131m\u0131zd\u0131. Biz \u00e7ok g\u00fczel de\u011fildik. Galatasaray \u00e7ok ba\u015far\u0131l\u0131yd\u0131. Bu d\u00f6nem Galatasaray ve Fenerbah\u00e7e ile oynad\u0131k. Galatasaray&#8217;\u0131 daha \u00e7ok be\u011fendim. \u00c7ok macerac\u0131 bir tarzlar\u0131 var. Nitekim atak odakl\u0131lar. Hamle ge\u00e7i\u015flerinde, bazen de defansta d\u00fczg\u00fcn de\u011filler. Biz de bundan faydaland\u0131k. Bazen tertipleri \u00e7ok s\u00fcratli de\u011fildi. Ondan da faydalanmaya \u00e7al\u0131\u015ft\u0131k.&#8221;<\/strong> bi\u00e7iminde g\u00f6r\u00fc\u015f belirtti.<\/p>\n<p> Galatasaray&#8217;a kar\u015f\u0131 son 2 ma\u00e7ta \u00e2l\u00e2 oynad\u0131klar\u0131n\u0131 vurgulayan Martens, <strong>&#8220;Bunun bir anl\u0131k olay olmad\u0131\u011f\u0131n\u0131 g\u00f6sterdik. Gitgide kendimizi geli\u015ftiriyoruz.&#8221;<\/strong> dedi.<\/p>\n<\/div>\n<p><\/p>\n","protected":false},"excerpt":{"rendered":"<p>UEFA Avrupa Ligi play-off cinsinde Galatasaray&#8217;\u0131 eleyen Hollanda temsilcisi AZ Alkmaar&#8217;\u0131n teknik y\u00f6neticisi Maarten Martens, m\u00fcsabakada taktiksel, fizik\u00ee ve mantal olarak \u00e2l\u00e2 olduklar\u0131n\u0131 s\u00f6yledi.<\/p>\n","protected":false},"author":1,"featured_media":21083,"comment_status":"open","ping_status":"open","sticky":false,"template":"","format":"standard","meta":{"footnotes":""},"categories":[25],"tags":[129],"class_list":["post-21082","post","type-post","status-publish","format-standard","has-post-thumbnail","hentry","category-futbol","tag-galatasaray"],"_links":{"self":[{"href":"https:\/\/haberbesiktas.tr\/index.php?rest_route=\/wp\/v2\/posts\/21082","targetHints":{"allow":["GET"]}}],"collection":[{"href":"https:\/\/haberbesiktas.tr\/index.php?rest_route=\/wp\/v2\/posts"}],"about":[{"href":"https:\/\/haberbesiktas.tr\/index.php?rest_route=\/wp\/v2\/types\/post"}],"author":[{"embeddable":true,"href":"https:\/\/haberbesiktas.tr\/index.php?rest_route=\/wp\/v2\/users\/1"}],"replies":[{"embeddable":true,"href":"https:\/\/haberbesiktas.tr\/index.php?rest_route=%2Fwp%2Fv2%2Fcomments&post=21082"}],"version-history":[{"count":1,"href":"https:\/\/haberbesiktas.tr\/index.php?rest_route=\/wp\/v2\/posts\/21082\/revisions"}],"predecessor-version":[{"id":21084,"href":"https:\/\/haberbesiktas.tr\/index.php?rest_route=\/wp\/v2\/posts\/21082\/revisions\/21084"}],"wp:featuredmedia":[{"embeddable":true,"href":"https:\/\/haberbesiktas.tr\/index.php?rest_route=\/wp\/v2\/media\/21083"}],"wp:attachment":[{"href":"https:\/\/haberbesiktas.tr\/index.php?rest_route=%2Fwp%2Fv2%2Fmedia&parent=21082"}],"wp:term":[{"taxonomy":"category","embeddable":true,"href":"https:\/\/haberbesiktas.tr\/index.php?rest_route=%2Fwp%2Fv2%2Fcategories&post=21082"},{"taxonomy":"post_tag","embeddable":true,"href":"https:\/\/haberbesiktas.tr\/index.php?rest_route=%2Fwp%2Fv2%2Ftags&post=21082"}],"curies":[{"name":"wp","href":"https:\/\/api.w.org\/{rel}","templated":true}]}}