{"id":21091,"date":"2025-04-18T22:36:04","date_gmt":"2025-04-18T22:36:04","guid":{"rendered":"https:\/\/haberbesiktas.tr\/?p=21091"},"modified":"2025-04-18T22:36:04","modified_gmt":"2025-04-18T22:36:04","slug":"milan-skriniar-istedigimizi-aldik","status":"publish","type":"post","link":"https:\/\/haberbesiktas.tr\/?p=21091","title":{"rendered":"Milan Skriniar: &#8220;\u0130stedi\u011fimizi ald\u0131k&#8221;"},"content":{"rendered":"<div>Fenerbah\u00e7e, UEFA Avrupa Ligi Son 16 Tipi play-off&#8217;unda 3-0 kazand\u0131\u011f\u0131 birinci ma\u00e7\u0131n r\u00f6van\u015f\u0131nda deplasmanda Anderlecht ile 2-2 berabere kald\u0131 ve son 16 \u00e7e\u015fidine y\u00fckseldi.<\/p>\n<p> Sar\u0131-Lacivertliler&#8217;in tecr\u00fcbeli stoperi Milan Skriniar, ma\u00e7\u0131n akabinde a\u00e7\u0131klamalarda bulundu.<\/p>\n<p><strong>&#8220;B\u0130Z \u0130STED\u0130\u011e\u0130M\u0130Z\u0130 ELDE ETT\u0130K!&#8221;<\/strong><\/p>\n<p> T\u0131p atlad\u0131klar\u0131 i\u00e7in keyifli oldu\u011funu s\u00f6yleyen Skriniar, <strong>&#8220;Zor bir ma\u00e7 olaca\u011f\u0131n\u0131 biliyorduk, bunu bekliyorduk. Rakibimizin \u00f6nde basmak, oyunu g\u00fc\u00e7l\u00fc oynama d\u0131\u015f\u0131nda yapacak bir \u015feyi yoktu birinci ma\u00e7tan \u00f6t\u00fcr\u00fc. Biz istedi\u011fimizi elde ettik. Memnunuz cins atlad\u0131\u011f\u0131m\u0131z i\u00e7in. Sahiden k\u0131ymetliydi bizler ismine bu \u00e7e\u015fit. Yolumuza devam edece\u011fiz.&#8221;<\/strong> dedi.<\/p>\n<p><strong>&#8220;DAHA G\u00dcZEL OLACA\u011eIM&#8221;<\/strong><\/p>\n<p> Skriniar, a\u00e7\u0131klamas\u0131n\u0131n devam\u0131nda <strong>&#8220;Hep net oynamaya \u00e7al\u0131\u015ft\u0131m. Kendimi geli\u015ftiriyorum. G\u00fcnbeg\u00fcn daha g\u00fczel olaca\u011f\u0131m. Daha uygununu yapabilece\u011fimi biliyorum, kendimi tan\u0131yorum. Ekibin performans\u0131, ki\u015fisel performanstan daha de\u011ferli.&#8221;<\/strong> tabirlerini kulland\u0131.<\/p>\n<\/div>\n<p><\/p>\n","protected":false},"excerpt":{"rendered":"<p>Fenerbah\u00e7e&#8217;nin tecr\u00fcbeli stoperi Milan Skriniar, UEFA Avrupa Ligi&#8217;nde son 16&#8217;ya kalmalar\u0131n\u0131n akabinde a\u00e7\u0131klamalarda bulundu.<\/p>\n","protected":false},"author":1,"featured_media":21092,"comment_status":"open","ping_status":"open","sticky":false,"template":"","format":"standard","meta":{"footnotes":""},"categories":[25],"tags":[221],"class_list":["post-21091","post","type-post","status-publish","format-standard","has-post-thumbnail","hentry","category-futbol","tag-tur"],"_links":{"self":[{"href":"https:\/\/haberbesiktas.tr\/index.php?rest_route=\/wp\/v2\/posts\/21091","targetHints":{"allow":["GET"]}}],"collection":[{"href":"https:\/\/haberbesiktas.tr\/index.php?rest_route=\/wp\/v2\/posts"}],"about":[{"href":"https:\/\/haberbesiktas.tr\/index.php?rest_route=\/wp\/v2\/types\/post"}],"author":[{"embeddable":true,"href":"https:\/\/haberbesiktas.tr\/index.php?rest_route=\/wp\/v2\/users\/1"}],"replies":[{"embeddable":true,"href":"https:\/\/haberbesiktas.tr\/index.php?rest_route=%2Fwp%2Fv2%2Fcomments&post=21091"}],"version-history":[{"count":1,"href":"https:\/\/haberbesiktas.tr\/index.php?rest_route=\/wp\/v2\/posts\/21091\/revisions"}],"predecessor-version":[{"id":21093,"href":"https:\/\/haberbesiktas.tr\/index.php?rest_route=\/wp\/v2\/posts\/21091\/revisions\/21093"}],"wp:featuredmedia":[{"embeddable":true,"href":"https:\/\/haberbesiktas.tr\/index.php?rest_route=\/wp\/v2\/media\/21092"}],"wp:attachment":[{"href":"https:\/\/haberbesiktas.tr\/index.php?rest_route=%2Fwp%2Fv2%2Fmedia&parent=21091"}],"wp:term":[{"taxonomy":"category","embeddable":true,"href":"https:\/\/haberbesiktas.tr\/index.php?rest_route=%2Fwp%2Fv2%2Fcategories&post=21091"},{"taxonomy":"post_tag","embeddable":true,"href":"https:\/\/haberbesiktas.tr\/index.php?rest_route=%2Fwp%2Fv2%2Ftags&post=21091"}],"curies":[{"name":"wp","href":"https:\/\/api.w.org\/{rel}","templated":true}]}}