{"id":21097,"date":"2025-04-18T23:00:11","date_gmt":"2025-04-18T23:00:11","guid":{"rendered":"https:\/\/haberbesiktas.tr\/?p=21097"},"modified":"2025-04-18T23:00:11","modified_gmt":"2025-04-18T23:00:11","slug":"yusuf-akcicekten-avrupa-transferi-aciklamasi","status":"publish","type":"post","link":"https:\/\/haberbesiktas.tr\/?p=21097","title":{"rendered":"Yusuf Ak\u00e7i\u00e7ek&#8217;ten Avrupa transferi a\u00e7\u0131klamas\u0131!"},"content":{"rendered":"<div>Fenerbah\u00e7e, UEFA Avrupa Ligi Son 16 \u00c7e\u015fidi play-off&#8217;unda 3-0 kazand\u0131\u011f\u0131 birinci ma\u00e7\u0131n r\u00f6van\u015f\u0131nda deplasmanda Anderlecht ile 2-2 berabere kald\u0131 ve son 16 \u00e7e\u015fidine y\u00fckseldi.<\/p>\n<p> Sar\u0131-Lacivertliler&#8217;in gen\u00e7 stoperi Yusuf Ak\u00e7i\u00e7ek, ma\u00e7\u0131n akabinde a\u00e7\u0131klamalarda bulundu.<\/p>\n<p><strong>&#8220;G\u0130DEB\u0130LD\u0130\u011e\u0130M\u0130Z KADAR G\u0130TMEK \u0130ST\u0130YORUZ&#8221;<\/strong><\/p>\n<p>M\u00fccadeleyi bir golle kapatan Ak\u00e7i\u00e7ek, <strong>&#8220;<\/strong><span><strong>\u00d6ncelikle \u00e7ok d\u00fczg\u00fcn \u00e7aba ettik. Vakit zaman topu rakibe verdik, savunma yapmak zorunda kald\u0131k lakin daima oyunun i\u00e7inde kalmaya \u00e7al\u0131\u015ft\u0131k. Att\u0131\u011f\u0131m golle grubuma katk\u0131 sa\u011flad\u0131\u011f\u0131m i\u00e7in keyifli ve gururluyum. \u0130n\u015fallah daha ka\u00e7lar\u0131 olur diye umut ediyorum, in\u015fallah. \u00dclkemizi temsil ediyoruz. Gidebildi\u011fimiz kadar gitmek, \u00fclkemizi en g\u00fczel halde temsil etmek istiyoruz.&#8221;<\/strong> dedi.<\/p>\n<p><strong>&#8220;AVRUPA&#8217;DA TEMS\u0130L ETMEK \u0130STER\u0130M&#8221;<\/strong><\/p>\n<p>Avrupa transferi hakk\u0131nda konu\u015fan gen\u00e7 oyuncu, <strong>&#8220;<\/strong><span><strong>Fenerbah\u00e7e \u00e7ok b\u00fcy\u00fck bir kul\u00fcp. Y\u00fczde y\u00fcz\u00fcm\u00fc verip kadroma dayanak vermek istiyorum. Amac\u0131m bu. \u0130lerleyen y\u0131llarda \u00fclkemi Avrupa&#8217;da temsil etmek isterim lakin \u015fu anda tek odak noktam Fenerbah\u00e7e&#8221;<\/strong> kelamlar\u0131n\u0131 sarf etti.<\/p>\n<p><\/span><\/span><\/p>\n<p>https:\/\/twitter.com\/sporx\/status\/1892702503038300256<\/p>\n<\/p><\/div>\n<p><\/p>\n","protected":false},"excerpt":{"rendered":"<p>Fenerbah\u00e7e&#8217;nin gen\u00e7 stoperi Yusuf Ak\u00e7i\u00e7ek, UEFA Avrupa Ligi&#8217;nde son 16&#8217;ya kalmalar\u0131n\u0131n akabinde a\u00e7\u0131klamalarda bulundu.<\/p>\n","protected":false},"author":1,"featured_media":21099,"comment_status":"open","ping_status":"open","sticky":false,"template":"","format":"standard","meta":{"footnotes":""},"categories":[25],"tags":[],"class_list":["post-21097","post","type-post","status-publish","format-standard","has-post-thumbnail","hentry","category-futbol"],"_links":{"self":[{"href":"https:\/\/haberbesiktas.tr\/index.php?rest_route=\/wp\/v2\/posts\/21097","targetHints":{"allow":["GET"]}}],"collection":[{"href":"https:\/\/haberbesiktas.tr\/index.php?rest_route=\/wp\/v2\/posts"}],"about":[{"href":"https:\/\/haberbesiktas.tr\/index.php?rest_route=\/wp\/v2\/types\/post"}],"author":[{"embeddable":true,"href":"https:\/\/haberbesiktas.tr\/index.php?rest_route=\/wp\/v2\/users\/1"}],"replies":[{"embeddable":true,"href":"https:\/\/haberbesiktas.tr\/index.php?rest_route=%2Fwp%2Fv2%2Fcomments&post=21097"}],"version-history":[{"count":1,"href":"https:\/\/haberbesiktas.tr\/index.php?rest_route=\/wp\/v2\/posts\/21097\/revisions"}],"predecessor-version":[{"id":21100,"href":"https:\/\/haberbesiktas.tr\/index.php?rest_route=\/wp\/v2\/posts\/21097\/revisions\/21100"}],"wp:featuredmedia":[{"embeddable":true,"href":"https:\/\/haberbesiktas.tr\/index.php?rest_route=\/wp\/v2\/media\/21099"}],"wp:attachment":[{"href":"https:\/\/haberbesiktas.tr\/index.php?rest_route=%2Fwp%2Fv2%2Fmedia&parent=21097"}],"wp:term":[{"taxonomy":"category","embeddable":true,"href":"https:\/\/haberbesiktas.tr\/index.php?rest_route=%2Fwp%2Fv2%2Fcategories&post=21097"},{"taxonomy":"post_tag","embeddable":true,"href":"https:\/\/haberbesiktas.tr\/index.php?rest_route=%2Fwp%2Fv2%2Ftags&post=21097"}],"curies":[{"name":"wp","href":"https:\/\/api.w.org\/{rel}","templated":true}]}}