{"id":21112,"date":"2025-04-18T23:48:05","date_gmt":"2025-04-18T23:48:05","guid":{"rendered":"https:\/\/haberbesiktas.tr\/?p=21112"},"modified":"2025-04-18T23:48:05","modified_gmt":"2025-04-18T23:48:05","slug":"konferans-liginde-kuralar-cekiliyor","status":"publish","type":"post","link":"https:\/\/haberbesiktas.tr\/?p=21112","title":{"rendered":"Konferans Ligi&#8217;nde kuralar \u00e7ekiliyor"},"content":{"rendered":"<div>UEFA Avrupa Konferans Ligi&#8217;nde son 16 \u00e7e\u015fidi ve sonras\u0131 i\u00e7in kura \u00e7ekimi ger\u00e7ekle\u015ftirilecek.<\/p>\n<p> TS\u0130 16.00&#8217;da \u00e7ekilecek kuralar sonras\u0131nda finale kadar olan turnuva a\u011fac\u0131 da ortaya \u00e7\u0131kacak.<\/p>\n<p> <strong>\u0130\u015fte kura \u00e7ekiminde ihtimaller<\/strong><\/p>\n<p> Real Betis &#8211; Chelsea \/ V.Guimaraes<\/p>\n<p> Jagiellonia Bialystok &#8211; L.Var\u015fova \/ Cercle Brugge<\/p>\n<p> Celje &#8211; Djurgardens \/ Lugano<\/p>\n<p> Panathinaikos &#8211; Fiorentina \/ Rapid Wien<\/p>\n<p> Borac Banja Luka &#8211; Fiorentina \/ Rapid Wien<\/p>\n<p> Pafos &#8211; Djurgardens \/ Lugano<\/p>\n<p> Molde &#8211; L.Var\u015fova \/ Cercle Brugge<\/p>\n<p> Kopenhag &#8211; Chelsea \/ V.Guimaraes<\/p>\n<\/div>\n<p><\/p>\n","protected":false},"excerpt":{"rendered":"<p>UEFA Avrupa Konferans Ligi&#8217;nde finale kadar olan turnuva a\u011fac\u0131, \u00e7ekilecek kuralar sonras\u0131 belirli olacak.<\/p>\n","protected":false},"author":1,"featured_media":21113,"comment_status":"open","ping_status":"open","sticky":false,"template":"","format":"standard","meta":{"footnotes":""},"categories":[25],"tags":[],"class_list":["post-21112","post","type-post","status-publish","format-standard","has-post-thumbnail","hentry","category-futbol"],"_links":{"self":[{"href":"https:\/\/haberbesiktas.tr\/index.php?rest_route=\/wp\/v2\/posts\/21112","targetHints":{"allow":["GET"]}}],"collection":[{"href":"https:\/\/haberbesiktas.tr\/index.php?rest_route=\/wp\/v2\/posts"}],"about":[{"href":"https:\/\/haberbesiktas.tr\/index.php?rest_route=\/wp\/v2\/types\/post"}],"author":[{"embeddable":true,"href":"https:\/\/haberbesiktas.tr\/index.php?rest_route=\/wp\/v2\/users\/1"}],"replies":[{"embeddable":true,"href":"https:\/\/haberbesiktas.tr\/index.php?rest_route=%2Fwp%2Fv2%2Fcomments&post=21112"}],"version-history":[{"count":1,"href":"https:\/\/haberbesiktas.tr\/index.php?rest_route=\/wp\/v2\/posts\/21112\/revisions"}],"predecessor-version":[{"id":21114,"href":"https:\/\/haberbesiktas.tr\/index.php?rest_route=\/wp\/v2\/posts\/21112\/revisions\/21114"}],"wp:featuredmedia":[{"embeddable":true,"href":"https:\/\/haberbesiktas.tr\/index.php?rest_route=\/wp\/v2\/media\/21113"}],"wp:attachment":[{"href":"https:\/\/haberbesiktas.tr\/index.php?rest_route=%2Fwp%2Fv2%2Fmedia&parent=21112"}],"wp:term":[{"taxonomy":"category","embeddable":true,"href":"https:\/\/haberbesiktas.tr\/index.php?rest_route=%2Fwp%2Fv2%2Fcategories&post=21112"},{"taxonomy":"post_tag","embeddable":true,"href":"https:\/\/haberbesiktas.tr\/index.php?rest_route=%2Fwp%2Fv2%2Ftags&post=21112"}],"curies":[{"name":"wp","href":"https:\/\/api.w.org\/{rel}","templated":true}]}}