{"id":21115,"date":"2025-04-19T00:00:06","date_gmt":"2025-04-19T00:00:06","guid":{"rendered":"https:\/\/haberbesiktas.tr\/?p=21115"},"modified":"2025-04-19T00:00:06","modified_gmt":"2025-04-19T00:00:06","slug":"victor-wembanyama-sakatligi-nedeniyle-sezonu-kapatti","status":"publish","type":"post","link":"https:\/\/haberbesiktas.tr\/?p=21115","title":{"rendered":"Victor Wembanyama sakatl\u0131\u011f\u0131 nedeniyle sezonu kapatt\u0131"},"content":{"rendered":"<div>Amerikan Basketbol Ligi (NBA) tak\u0131m\u0131 San Antonio Spurs&#8217;\u00fcn gen\u00e7 y\u0131ld\u0131z\u0131 Victor Wembanyama, sakatl\u0131\u011f\u0131 nedeniyle d\u00f6nemin kalan\u0131nda forma giyemeyecek.<\/p>\n<p> Spurs&#8217;ten yap\u0131lan a\u00e7\u0131klamada, All-Star ma\u00e7\u0131ndan sonraki denetimlerde sa\u011f omzunda derin ven trombozu tespit edilen Wembanyama&#8217;n\u0131n d\u00f6nemi kapatt\u0131\u011f\u0131 belirtildi.<\/p>\n<p> Wembanyama, NBA&#8217;de bu d\u00f6nem 24,3 say\u0131 11 ribaunt, 3,7 asist ve 3,8 blok ortalamalar\u0131yla oynad\u0131.<\/p>\n<p> Bat\u0131 Konferans\u0131&#8217;nda 23 galibiyet, 29 yenilgi ya\u015fayan Spurs, 12. s\u0131rada yer ald\u0131.<\/p>\n<\/div>\n<p><\/p>\n","protected":false},"excerpt":{"rendered":"<p>San Antonio Spurs&#8217;\u00fcn gen\u00e7 y\u0131ld\u0131z\u0131 Victor Wembanyama, sakatl\u0131\u011f\u0131 nedeniyle d\u00f6nemin kalan\u0131nda forma giyemeyecek.<\/p>\n","protected":false},"author":1,"featured_media":21116,"comment_status":"open","ping_status":"open","sticky":false,"template":"","format":"standard","meta":{"footnotes":""},"categories":[10],"tags":[],"class_list":["post-21115","post","type-post","status-publish","format-standard","has-post-thumbnail","hentry","category-basketbol"],"_links":{"self":[{"href":"https:\/\/haberbesiktas.tr\/index.php?rest_route=\/wp\/v2\/posts\/21115","targetHints":{"allow":["GET"]}}],"collection":[{"href":"https:\/\/haberbesiktas.tr\/index.php?rest_route=\/wp\/v2\/posts"}],"about":[{"href":"https:\/\/haberbesiktas.tr\/index.php?rest_route=\/wp\/v2\/types\/post"}],"author":[{"embeddable":true,"href":"https:\/\/haberbesiktas.tr\/index.php?rest_route=\/wp\/v2\/users\/1"}],"replies":[{"embeddable":true,"href":"https:\/\/haberbesiktas.tr\/index.php?rest_route=%2Fwp%2Fv2%2Fcomments&post=21115"}],"version-history":[{"count":1,"href":"https:\/\/haberbesiktas.tr\/index.php?rest_route=\/wp\/v2\/posts\/21115\/revisions"}],"predecessor-version":[{"id":21117,"href":"https:\/\/haberbesiktas.tr\/index.php?rest_route=\/wp\/v2\/posts\/21115\/revisions\/21117"}],"wp:featuredmedia":[{"embeddable":true,"href":"https:\/\/haberbesiktas.tr\/index.php?rest_route=\/wp\/v2\/media\/21116"}],"wp:attachment":[{"href":"https:\/\/haberbesiktas.tr\/index.php?rest_route=%2Fwp%2Fv2%2Fmedia&parent=21115"}],"wp:term":[{"taxonomy":"category","embeddable":true,"href":"https:\/\/haberbesiktas.tr\/index.php?rest_route=%2Fwp%2Fv2%2Fcategories&post=21115"},{"taxonomy":"post_tag","embeddable":true,"href":"https:\/\/haberbesiktas.tr\/index.php?rest_route=%2Fwp%2Fv2%2Ftags&post=21115"}],"curies":[{"name":"wp","href":"https:\/\/api.w.org\/{rel}","templated":true}]}}