{"id":21118,"date":"2025-04-19T00:12:07","date_gmt":"2025-04-19T00:12:07","guid":{"rendered":"https:\/\/haberbesiktas.tr\/?p=21118"},"modified":"2025-04-19T00:12:07","modified_gmt":"2025-04-19T00:12:07","slug":"tahkim-kurulu-burak-yilmazin-2-maclik-cezasini-1e-indirdi","status":"publish","type":"post","link":"https:\/\/haberbesiktas.tr\/?p=21118","title":{"rendered":"Tahkim Kurulu, Burak Y\u0131lmaz&#8217;\u0131n 2 ma\u00e7l\u0131k cezas\u0131n\u0131 1&#8217;e indirdi"},"content":{"rendered":"<div>T\u00fcrkiye Futbol Federasyonu (TFF) Tahkim Kurulu, Kas\u0131mpa\u015fa Teknik Y\u00f6neticisi Burak Y\u0131lmaz&#8217;a verilen 2 ma\u00e7l\u0131k men cezas\u0131n\u0131 hafifletti. TFF&#8217;nin a\u00e7\u0131klamas\u0131na nazaran gen\u00e7 antren\u00f6re takdiri indirim uygulanarak ihra\u00e7 \u00f6ncesi ve ihra\u00e7 sonras\u0131 sportmenli\u011fe al\u0131\u015f\u0131lmam\u0131\u015f hareketleri gerek\u00e7esiyle verilen 2 ma\u00e7 men cezas\u0131 1 ma\u00e7a, 117 bin lira para cezas\u0131 da 58 bin 500 liraya d\u00fc\u015f\u00fcr\u00fcld\u00fc.<\/p>\n<p> Burak Y\u0131lmaz, cezas\u0131n\u0131n bir kar\u015f\u0131la\u015fmaya indirilmesiyle \u00dcst\u00fcn Lig&#8217;in 25. haftas\u0131nda oynanacak Onvo Antalyaspor ma\u00e7\u0131nda grubunun ba\u015f\u0131nda yer alabilecek.<\/p>\n<p> \u00d6te yandan Konyaspor Kul\u00fcb\u00fcne, futbolun ve kurumlar\u0131n prestijini zedelemeye y\u00f6nelik a\u00e7\u0131klamalar gerek\u00e7esiyle verilen 1 milyon lira para cezas\u0131n\u0131n yan\u0131 s\u0131ra t\u0131pk\u0131 sebepten lider \u00d6mer Korkmaz&#8217;a uygulanan 23 g\u00fcn hak mahrumiyeti cezas\u0131 onand\u0131.<\/p>\n<p> Ayr\u0131yeten T\u00dcMOSAN Konyasporlu futbolcu Emmanuel Boateng&#8217;e rakip ekip futbolcusuna y\u00f6nelik \u00f6nemli faul\u00fc sebebiyle verilen 2 ma\u00e7 men cezas\u0131 da 1&#8217;e indirildi.<\/p>\n<p> Cezas\u0131n\u0131 Reeder Samsunspor kar\u015f\u0131s\u0131nda \u00e7eken Ganal\u0131 futbolcu, ligde oynanacak Net K\u00fcresel Sivasspor u\u011fra\u015f\u0131nda forma giyebilecek.<\/p>\n<\/div>\n<p><\/p>\n","protected":false},"excerpt":{"rendered":"<p>T\u00fcrkiye Futbol Federasyonu (TFF) Tahkim Kurulu, Kas\u0131mpa\u015fa Teknik Y\u00f6neticisi Burak Y\u0131lmaz&#8217;\u0131n 2 ma\u00e7 men cezas\u0131nda indirime gitti.<\/p>\n","protected":false},"author":1,"featured_media":21119,"comment_status":"open","ping_status":"open","sticky":false,"template":"","format":"standard","meta":{"footnotes":""},"categories":[25],"tags":[172,50],"class_list":["post-21118","post","type-post","status-publish","format-standard","has-post-thumbnail","hentry","category-futbol","tag-futbol","tag-mac"],"_links":{"self":[{"href":"https:\/\/haberbesiktas.tr\/index.php?rest_route=\/wp\/v2\/posts\/21118","targetHints":{"allow":["GET"]}}],"collection":[{"href":"https:\/\/haberbesiktas.tr\/index.php?rest_route=\/wp\/v2\/posts"}],"about":[{"href":"https:\/\/haberbesiktas.tr\/index.php?rest_route=\/wp\/v2\/types\/post"}],"author":[{"embeddable":true,"href":"https:\/\/haberbesiktas.tr\/index.php?rest_route=\/wp\/v2\/users\/1"}],"replies":[{"embeddable":true,"href":"https:\/\/haberbesiktas.tr\/index.php?rest_route=%2Fwp%2Fv2%2Fcomments&post=21118"}],"version-history":[{"count":1,"href":"https:\/\/haberbesiktas.tr\/index.php?rest_route=\/wp\/v2\/posts\/21118\/revisions"}],"predecessor-version":[{"id":21120,"href":"https:\/\/haberbesiktas.tr\/index.php?rest_route=\/wp\/v2\/posts\/21118\/revisions\/21120"}],"wp:featuredmedia":[{"embeddable":true,"href":"https:\/\/haberbesiktas.tr\/index.php?rest_route=\/wp\/v2\/media\/21119"}],"wp:attachment":[{"href":"https:\/\/haberbesiktas.tr\/index.php?rest_route=%2Fwp%2Fv2%2Fmedia&parent=21118"}],"wp:term":[{"taxonomy":"category","embeddable":true,"href":"https:\/\/haberbesiktas.tr\/index.php?rest_route=%2Fwp%2Fv2%2Fcategories&post=21118"},{"taxonomy":"post_tag","embeddable":true,"href":"https:\/\/haberbesiktas.tr\/index.php?rest_route=%2Fwp%2Fv2%2Ftags&post=21118"}],"curies":[{"name":"wp","href":"https:\/\/api.w.org\/{rel}","templated":true}]}}