{"id":21121,"date":"2025-04-19T00:24:05","date_gmt":"2025-04-19T00:24:05","guid":{"rendered":"https:\/\/haberbesiktas.tr\/?p=21121"},"modified":"2025-04-19T00:24:05","modified_gmt":"2025-04-19T00:24:05","slug":"david-hubert-basimiz-dik-sahadan-ayrildik","status":"publish","type":"post","link":"https:\/\/haberbesiktas.tr\/?p=21121","title":{"rendered":"David Hubert: &#8220;Ba\u015f\u0131m\u0131z dik sahadan ayr\u0131ld\u0131k&#8221;"},"content":{"rendered":"<div>UEFA Avrupa Ligi play-off tipinde 3-0&#8217;\u0131n r\u00f6van\u015f\u0131nda Fenerbah\u00e7e ile 2-2 berabere kalarak elenen Anderlecht&#8217;in teknik y\u00f6neticisi David Hubert, alandan ba\u015flar\u0131 dik ayr\u0131ld\u0131klar\u0131n\u0131 s\u00f6yledi.<\/p>\n<p> Anderlecht Stad\u0131&#8217;ndaki m\u00fcsabakan\u0131n akabinde d\u00fczenlenen bas\u0131n toplant\u0131s\u0131nda a\u00e7\u0131klamalarda bulunan Hubert, ma\u00e7ta ho\u015f oyun sergilediklerini ve ellerinden geleni yapt\u0131klar\u0131n\u0131 belirtti.<\/p>\n<p> M\u00fcsabaka boyunca inanmaya devam ettiklerini aktaran Hubert, <strong>&#8220;Bunu s\u00f6ylemek pek g\u00fczel de\u011fil lakin asl\u0131nda onurluyum. Bir evvelki ma\u00e7a nazaran ho\u015f sonu\u00e7, grup ruhuyla oynad\u0131k. Bug\u00fcn asl\u0131nda ba\u015f\u0131m\u0131z dik alandan ayr\u0131ld\u0131k. Ist\u0131rapla ayr\u0131lm\u0131yoruz alandan. Biz inanmaya devam ettik. Nitekim 4. dakikada gol yedik, bu bir kusur olarak isimlendirilebilir lakin ma\u00e7 \u00f6ncesinde s\u00f6yledi\u011fimiz her \u015feyi \u015fu anda \u00e7\u00f6pe atmad\u0131k. \u0130nanmaya, sava\u015fmaya devam ettik, g\u00fczel ma\u00e7 sergiledik.&#8221;<\/strong> diye konu\u015ftu.<\/p>\n<p> \u00d6ne ge\u00e7erek rakiplerini teredd\u00fctte b\u0131rakt\u0131klar\u0131n\u0131 anlatan Hubert, kelamlar\u0131n\u0131 \u015f\u00f6yle tamamlad\u0131:<\/p>\n<p> <strong>&#8220;\u0130kinci golde \u015funu hissettim. Fenerbah\u00e7e teredd\u00fct etmeye ba\u015fl\u0131yor dedim. Statta heyecan ba\u015flad\u0131, herkes inanmaya ba\u015flad\u0131 ancak bir gol daha yedik. \u00c7ocuklar ho\u015f oynad\u0131, bu benim i\u00e7in ho\u015f sinyaldi. Yanl\u0131\u015flar\u0131m\u0131zla b\u00fcy\u00fcmemiz gerekiyor, \u00f6\u011frenmemiz gerekiyor. Bizi \u015fa\u015f\u0131rtan \u015feyler de olabiliyor. Birinci ma\u00e7taki sonuca bak\u0131nca bu durumda daha \u00e2l\u00e2 bir sonu\u00e7 tahminen de bekleyemezdik. Ben ko\u00e7 olarak memnunum. Kar\u015f\u0131m\u0131zda \u00e7ok kuvvetli bir rakip vard\u0131, bunu da unutmamak gerekiyor.&#8221;<\/strong><\/p>\n<\/div>\n<p><\/p>\n","protected":false},"excerpt":{"rendered":"<p>UEFA Avrupa Ligi play-off cinsinde 3-0&#8217;\u0131n r\u00f6van\u015f\u0131nda Fenerbah\u00e7e ile 2-2 berabere kalarak elenen Anderlecht&#8217;in teknik y\u00f6neticisi David Hubert, ma\u00e7\u0131n akabinde a\u00e7\u0131klamalarda bulundu.<\/p>\n","protected":false},"author":1,"featured_media":21122,"comment_status":"open","ping_status":"open","sticky":false,"template":"","format":"standard","meta":{"footnotes":""},"categories":[25],"tags":[50],"class_list":["post-21121","post","type-post","status-publish","format-standard","has-post-thumbnail","hentry","category-futbol","tag-mac"],"_links":{"self":[{"href":"https:\/\/haberbesiktas.tr\/index.php?rest_route=\/wp\/v2\/posts\/21121","targetHints":{"allow":["GET"]}}],"collection":[{"href":"https:\/\/haberbesiktas.tr\/index.php?rest_route=\/wp\/v2\/posts"}],"about":[{"href":"https:\/\/haberbesiktas.tr\/index.php?rest_route=\/wp\/v2\/types\/post"}],"author":[{"embeddable":true,"href":"https:\/\/haberbesiktas.tr\/index.php?rest_route=\/wp\/v2\/users\/1"}],"replies":[{"embeddable":true,"href":"https:\/\/haberbesiktas.tr\/index.php?rest_route=%2Fwp%2Fv2%2Fcomments&post=21121"}],"version-history":[{"count":1,"href":"https:\/\/haberbesiktas.tr\/index.php?rest_route=\/wp\/v2\/posts\/21121\/revisions"}],"predecessor-version":[{"id":21123,"href":"https:\/\/haberbesiktas.tr\/index.php?rest_route=\/wp\/v2\/posts\/21121\/revisions\/21123"}],"wp:featuredmedia":[{"embeddable":true,"href":"https:\/\/haberbesiktas.tr\/index.php?rest_route=\/wp\/v2\/media\/21122"}],"wp:attachment":[{"href":"https:\/\/haberbesiktas.tr\/index.php?rest_route=%2Fwp%2Fv2%2Fmedia&parent=21121"}],"wp:term":[{"taxonomy":"category","embeddable":true,"href":"https:\/\/haberbesiktas.tr\/index.php?rest_route=%2Fwp%2Fv2%2Fcategories&post=21121"},{"taxonomy":"post_tag","embeddable":true,"href":"https:\/\/haberbesiktas.tr\/index.php?rest_route=%2Fwp%2Fv2%2Ftags&post=21121"}],"curies":[{"name":"wp","href":"https:\/\/api.w.org\/{rel}","templated":true}]}}